{"id":38950,"date":"2026-01-27T20:07:06","date_gmt":"2026-01-27T19:07:06","guid":{"rendered":"https:\/\/www.bca.ad\/el-bc-morabanc-andorra-da-la-bienvenida-a-zan-tabak-como-nuevo-entrenador\/"},"modified":"2026-01-27T20:07:06","modified_gmt":"2026-01-27T19:07:06","slug":"el-bc-morabanc-andorra-da-la-bienvenida-a-zan-tabak-como-nuevo-entrenador","status":"publish","type":"post","link":"https:\/\/www.bca.ad\/es\/el-bc-morabanc-andorra-da-la-bienvenida-a-zan-tabak-como-nuevo-entrenador\/","title":{"rendered":"El BC MoraBanc Andorra da la bienvenida a Zan Tabak como nuevo entrenador"},"content":{"rendered":"<p style=\"text-align: justify;\"><strong>El club apuesta por un cambio de energ\u00eda y mentalidad para afrontar el tramo decisivo de la temporada<\/strong><\/p>\n<p>&nbsp;<\/p>\n<p style=\"text-align: justify;\">El BC MoraBanc Andorra ha presentado este martes, en el auditorio de la sede central de MoraBanc, al nuevo entrenador del primer equipo, Zan Tabak, que asumir\u00e1 la direcci\u00f3n t\u00e9cnica hasta final de temporada con el objetivo de revertir la din\u00e1mica de resultados.<\/p>\n<p>&nbsp;<\/p>\n<p style=\"text-align: justify;\">Antes de iniciar la presentaci\u00f3n, el club ha querido agradecer, una vez m\u00e1s, a MoraBanc la cesi\u00f3n de su auditorio para acoger un acto clave en la vida deportiva de la entidad. A continuaci\u00f3n, el director deportivo del club, Francesc Solana, ha explicado los motivos que han llevado al MoraBanc Andorra a apostar por el t\u00e9cnico croata.<\/p>\n<p>&nbsp;<\/p>\n<p style=\"text-align: justify;\">Solana ha destacado que la llegada de Tabak responde a la necesidad de un impulso an\u00edmico y mental dentro del vestuario. Ha se\u00f1alado que \u201cla figura de Zan debe aportarnos ilusi\u00f3n, ganas de trabajar y de mejorar, sobre todo, los resultados\u201d, y ha remarcado que el equipo necesitaba \u201cmejorar el estado an\u00edmico de los jugadores y cambiar un poco la mentalidad\u201d. En este sentido, ha a\u00f1adido que se trata de una figura \u201cmuy respetada por los jugadores\u201d, capaz de aportar \u201cesa energ\u00eda positiva y ese aire nuevo que ahora mismo necesitamos\u201d.<\/p>\n<p>&nbsp;<\/p>\n<p style=\"text-align: justify;\">El director deportivo ha querido dejar claro que el cambio en el banquillo no responde a una p\u00e9rdida de respeto hacia el anterior cuerpo t\u00e9cnico, sino a una din\u00e1mica acumulada de derrotas. \u201cCuando vas perdiendo y acumulas resultados negativos, el equipo deja de creer en muchas cosas, y es ese feeling el que te lleva a tomar una decisi\u00f3n como esta\u201d, ha explicado. Tambi\u00e9n ha subrayado que la elecci\u00f3n de Tabak ha estado condicionada por su profundo conocimiento de la Liga Endesa y por su metodolog\u00eda de trabajo, elementos que el club consideraba clave en este momento de la temporada.<\/p>\n<p>&nbsp;<\/p>\n<p style=\"text-align: justify;\">A continuaci\u00f3n, ha sido el turno del nuevo entrenador, Zan Tabak, que se ha mostrado ilusionado en su presentaci\u00f3n y ha recordado su v\u00ednculo de larga trayectoria con el pa\u00eds. Ha explicado que \u201cno es la primera vez que estoy en Andorra, he estado aqu\u00ed muchas veces desde los a\u00f1os ochenta\u201d, y ha asegurado que llega con \u201cmuch\u00edsimas ganas de trabajar y de aportar una energ\u00eda nueva al equipo\u201d.<\/p>\n<p>&nbsp;<\/p>\n<p style=\"text-align: justify;\">Tabak ha detallado que, cuando el club contact\u00f3 con \u00e9l, analiz\u00f3 la situaci\u00f3n deportiva con realismo, pero tambi\u00e9n con confianza. \u201cHay aspectos en los que creo que todav\u00eda hay margen de mejora\u201d, ha afirmado, recordando que en temporadas complicadas \u201ces muy importante mantener una actitud positiva y aportar aire fresco\u201d. El t\u00e9cnico ha explicado que cuando un equipo encadena derrotas \u201centra en un bucle\u201d, y que la llegada de una cara nueva \u201ccambia el ritmo y el rumbo\u201d, aunque ha reconocido que \u201cno es una situaci\u00f3n f\u00e1cil\u201d.<\/p>\n<p>&nbsp;<\/p>\n<p style=\"text-align: justify;\">En cuanto a su planteamiento deportivo, Tabak ha dejado claro que no se trata de realizar una revoluci\u00f3n t\u00e1ctica inmediata. Ha explicado que el equipo presenta \u201cdeficiencias defensivas\u201d, pero que el objetivo inicial es \u201canalizar lo que se ha hecho hasta ahora y, con peque\u00f1os ajustes, subir el nivel sobre todo en ejecuci\u00f3n e intensidad\u201d. En este sentido, ha remarcado que \u201cno tendr\u00eda sentido cambiarlo todo ahora\u201d, ya que \u201csi nos volvemos locos y lo cambiamos todo, llegaremos a marzo sin saber exactamente qu\u00e9 estamos haciendo\u201d.<\/p>\n<p>&nbsp;<\/p>\n<p style=\"text-align: justify;\">Uno de los puntos centrales de su intervenci\u00f3n ha sido el aspecto mental. Tabak ha reconocido que lo que m\u00e1s le preocupa es \u201cla fragilidad mental\u201d, especialmente en un contexto de resultados adversos. \u201cEsto no es un esprint, es una marat\u00f3n\u201d, ha insistido, a\u00f1adiendo que el reto es \u201cmantener la capacidad de creer en lo que hacemos y salir una y otra vez a competir\u201d. Ha vinculado esta mejora mental con la necesidad de crecer defensivamente, ya que \u201cambas cosas van de la mano\u201d.<\/p>\n<p>&nbsp;<\/p>\n<p style=\"text-align: justify;\">El presidente del BC MoraBanc Andorra, Gorka Aix\u00e0s, ha cerrado las primeras valoraciones institucionales con un mensaje de reconocimiento hacia el anterior entrenador, Joan Plaza. Ha querido agradecerle \u201cel trabajo realizado, el esfuerzo y el rigor\u201d, recordando especialmente que \u201cla temporada pasada lleg\u00f3 en unas circunstancias muy complicadas y logr\u00f3 salvar al equipo\u201d. Aix\u00e0s ha reconocido que \u201cnunca es plato de buen gusto tener que cambiar de entrenador\u201d, pero ha explicado que el club ha tomado la decisi\u00f3n \u201csiendo conscientes de que necesit\u00e1bamos hacer alg\u00fan cambio\u201d.<\/p>\n<p>&nbsp;<\/p>\n<p style=\"text-align: justify;\">El presidente ha situado el relevo en el banquillo como una forma de buscar \u201cese peque\u00f1o plus, esas d\u00e9cimas que nos han faltado\u201d en muchos partidos. Ha destacado que el equipo ha sido competitivo en numerosos encuentros, pero que \u201clamentablemente no hemos conseguido los resultados\u201d. En este contexto, ha afirmado que con la llegada de Tabak el club busca \u201cenerg\u00eda, frescura y quitarse un poco el peso de la mochila que arrastra el equipo\u201d.<\/p>\n<p>&nbsp;<\/p>\n<p style=\"text-align: justify;\">Aix\u00e0s ha asegurado que las sensaciones iniciales son positivas y que el club est\u00e1 \u201cilusionado\u201d con esta nueva etapa. \u201cLo que nos transmite Zan son cosas muy positivas\u201d, ha dicho, recordando que, como siempre, \u201clos resultados ser\u00e1n los que acabar\u00e1n juzgando la decisi\u00f3n\u201d, aunque \u201cahora mismo el feeling es bueno\u201d.<\/p>\n<p>&nbsp;<\/p>\n<p style=\"text-align: justify;\">Durante el turno de preguntas, tanto el club como el nuevo entrenador han confirmado que se sigue trabajando en el mercado para reforzar la plantilla, con la voluntad de incorporar a un jugador que pueda ayudar de manera inmediata. Francesc Solana ha explicado que \u201ctenemos claro que el equipo debe reforzarse\u201d, aunque ha admitido que el mercado de invierno es complejo y que se busca \u201cun perfil con experiencia y capacidad de adaptaci\u00f3n inmediata\u201d.<\/p>\n<p>&nbsp;<\/p>\n<p style=\"text-align: justify;\">Finalmente, se ha confirmado que Zan Tabak ha firmado hasta final de temporada, con la voluntad mutua de trabajar juntos en este tramo decisivo y valorar, una vez finalizado el curso, el futuro del proyecto.<\/p>\n<p>&nbsp;<br \/>\n<iframe loading=\"lazy\" src=\"https:\/\/www.youtube.com\/embed\/IuFFrWfeG90?si=eJce9SwoIxqkWc2y\" width=\"560\" height=\"315\" frameborder=\"0\" allowfullscreen=\"allowfullscreen\"><\/iframe><\/p>\n","protected":false},"excerpt":{"rendered":"<p>El club apuesta por un cambio de energ\u00eda y mentalidad para afrontar el tramo decisivo de la temporada &nbsp; El BC MoraBanc Andorra ha presentado este martes, en el auditorio de la sede central de MoraBanc, al nuevo entrenador del primer equipo, Zan Tabak, que asumir\u00e1 la direcci\u00f3n t\u00e9cnica hasta final de temporada con el [&hellip;]<\/p>\n","protected":false},"author":102,"featured_media":38949,"comment_status":"closed","ping_status":"closed","sticky":false,"template":"","format":"standard","meta":{"om_disable_all_campaigns":false,"inline_featured_image":false,"_monsterinsights_skip_tracking":false,"_monsterinsights_sitenote_active":false,"_monsterinsights_sitenote_note":"","_monsterinsights_sitenote_category":0,"_uf_show_specific_survey":0,"_uf_disable_surveys":false,"footnotes":""},"categories":[944,150,109,98],"tags":[1214,521,1070,1632,1738],"class_list":["post-38950","post","type-post","status-publish","format-standard","has-post-thumbnail","hentry","category-acb-es","category-basquet-club-andorra-es","category-morabanc-andorra-es","category-noticia-es","tag-morabanc-es-2","tag-morabanc-andorra-es2","tag-presentacion","tag-temporada-2025-2026-es","tag-zan-tabak-es"],"aioseo_notices":[],"_links":{"self":[{"href":"https:\/\/www.bca.ad\/es\/wp-json\/wp\/v2\/posts\/38950","targetHints":{"allow":["GET"]}}],"collection":[{"href":"https:\/\/www.bca.ad\/es\/wp-json\/wp\/v2\/posts"}],"about":[{"href":"https:\/\/www.bca.ad\/es\/wp-json\/wp\/v2\/types\/post"}],"author":[{"embeddable":true,"href":"https:\/\/www.bca.ad\/es\/wp-json\/wp\/v2\/users\/102"}],"replies":[{"embeddable":true,"href":"https:\/\/www.bca.ad\/es\/wp-json\/wp\/v2\/comments?post=38950"}],"version-history":[{"count":0,"href":"https:\/\/www.bca.ad\/es\/wp-json\/wp\/v2\/posts\/38950\/revisions"}],"wp:featuredmedia":[{"embeddable":true,"href":"https:\/\/www.bca.ad\/es\/wp-json\/wp\/v2\/media\/38949"}],"wp:attachment":[{"href":"https:\/\/www.bca.ad\/es\/wp-json\/wp\/v2\/media?parent=38950"}],"wp:term":[{"taxonomy":"category","embeddable":true,"href":"https:\/\/www.bca.ad\/es\/wp-json\/wp\/v2\/categories?post=38950"},{"taxonomy":"post_tag","embeddable":true,"href":"https:\/\/www.bca.ad\/es\/wp-json\/wp\/v2\/tags?post=38950"}],"curies":[{"name":"wp","href":"https:\/\/api.w.org\/{rel}","templated":true}]}}