{"id":39149,"date":"2026-03-12T19:32:33","date_gmt":"2026-03-12T18:32:33","guid":{"rendered":"https:\/\/www.bca.ad\/el-bc-morabanc-andorra-visita-el-corazon-institucional-de-andorra\/"},"modified":"2026-03-12T19:32:33","modified_gmt":"2026-03-12T18:32:33","slug":"el-bc-morabanc-andorra-visita-el-corazon-institucional-de-andorra","status":"publish","type":"post","link":"https:\/\/www.bca.ad\/es\/el-bc-morabanc-andorra-visita-el-corazon-institucional-de-andorra\/","title":{"rendered":"El BC MoraBanc Andorra visita el coraz\u00f3n institucional de Andorra"},"content":{"rendered":"<p style=\"text-align: justify;\"><strong>Jugadores del primer equipo, staff t\u00e9cnico y el presidente del club, Gorka Aix\u00e0s, recorren los espacios m\u00e1s emblem\u00e1ticos de la historia institucional del pa\u00eds en una tarde de memoria, tradici\u00f3n e identidad.<\/strong><\/p>\n<p>&nbsp;<\/p>\n<p style=\"text-align: justify;\">El BC MoraBanc Andorra ha querido sumarse un a\u00f1o m\u00e1s a la conmemoraci\u00f3n del D\u00eda de la Constituci\u00f3n con una visita institucional a la Casa de la Vall, uno de los espacios m\u00e1s simb\u00f3licos de la historia de Andorra. A pocos d\u00edas del 14 de marzo, fecha en la que el pa\u00eds celebrar\u00e1 el 33\u00ba aniversario de su Constituci\u00f3n, jugadores del primer equipo, miembros del staff t\u00e9cnico y el presidente del club, Gorka Aix\u00e0s, han participado en una tarde marcada por el descubrimiento, la memoria y el v\u00ednculo con la historia del Principado.<\/p>\n<p>&nbsp;<\/p>\n<p style=\"text-align: justify;\">La delegaci\u00f3n tricolor ha descubierto algunos de los espacios m\u00e1s emblem\u00e1ticos de la Casa de la Vall, escenario durante siglos de la vida pol\u00edtica del pa\u00eds. La visita ha permitido conocer rincones tan significativos como la sala de los Pasos Perdidos, la cocina hist\u00f3rica, la sala donde todav\u00eda hoy se celebran las sesiones tradicionales del Consell General o el despacho del s\u00edndic.<\/p>\n<p>&nbsp;<\/p>\n<p style=\"text-align: justify;\">A lo largo del recorrido, los jugadores y los miembros del staff han mostrado una gran curiosidad por la historia institucional y las tradiciones andorranas, participando activamente con preguntas y comentarios. Uno de los momentos m\u00e1s singulares ha sido cuando algunos de los jugadores han podido probarse la indumentaria tradicional de los consejeros generales y de los s\u00edndics, con piezas como el gambeto y los caracter\u00edsticos tricornios o bicornios, s\u00edmbolos de la tradici\u00f3n parlamentaria del pa\u00eds.<\/p>\n<p>&nbsp;<\/p>\n<p style=\"text-align: justify;\">La visita ha contado tambi\u00e9n con la presencia del s\u00edndic general, Carles Ensenyat, y de la subs\u00edndica general, Sandra Codina, que han querido saludar personalmente a la expedici\u00f3n del club. En el tramo final del recorrido, en el vest\u00edbulo de entrada del edificio, el s\u00edndic ha explicado la historia de una de las piezas m\u00e1s emblem\u00e1ticas que conserva la Casa de la Vall: la bandera que Napole\u00f3n III entreg\u00f3 al Principado en 1866. La pieza est\u00e1 formada por fragmentos rectangulares de tela de lino y preside el espacio con un gran escudo del Principado en el centro, en el que destacan la mitra de oro, los tres palos del conde de Foix, los cuatro palos de Catalu\u00f1a y las dos vacas de Bearn.<\/p>\n<p>&nbsp;<\/p>\n<p style=\"text-align: justify;\">Tras esta explicaci\u00f3n se ha producido un intercambio de obsequios institucionales entre el club y la Sindicatura. Los s\u00edndics han hecho entrega al presidente del BC MoraBanc Andorra de una edici\u00f3n limitada del Manual Digest, una de las obras m\u00e1s relevantes de la historia pol\u00edtica y jur\u00eddica del pa\u00eds. Por su parte, Gorka Aix\u00e0s ha querido agradecer la acogida obsequiando a los s\u00edndics con una litograf\u00eda de edici\u00f3n limitada del acta de la asamblea general del club en la que se aprobaron los primeros estatutos de la entidad. Se trata de un documento fechado el 12 de junio de 1970, transcrito a mano y en bol\u00edgrafo, que forma parte de los or\u00edgenes fundacionales del club. El obsequio se ha completado con un bal\u00f3n firmado por todos los jugadores del primer equipo.<\/p>\n<p>&nbsp;<\/p>\n<p style=\"text-align: justify;\">Como punto final de la visita, la delegaci\u00f3n del BC MoraBanc Andorra ha podido entrar en el hemiciclo del Consell General, actual sede del poder legislativo del pa\u00eds, en un momento que ha permitido contrastar pasado y presente de las instituciones andorranas. La jornada ha contado tambi\u00e9n con una fotograf\u00eda de familia en el exterior de la Casa de la Vall, s\u00edmbolo de un encuentro entre deporte, historia e identidad.<\/p>\n<p>&nbsp;<\/p>\n<p style=\"text-align: justify;\">Una tarde para recordar que, m\u00e1s all\u00e1 de la competici\u00f3n, el club tambi\u00e9n forma parte del relato colectivo del pa\u00eds que representa.<\/p>\n<p>&nbsp;<br \/>\n<iframe loading=\"lazy\" src=\"https:\/\/www.youtube.com\/embed\/16R7GPan_Zs?si=VJNMEXGVLcMTkwVM\" width=\"560\" height=\"315\" frameborder=\"0\" allowfullscreen=\"allowfullscreen\"><\/iframe><\/p>\n","protected":false},"excerpt":{"rendered":"<p>Jugadores del primer equipo, staff t\u00e9cnico y el presidente del club, Gorka Aix\u00e0s, recorren los espacios m\u00e1s emblem\u00e1ticos de la historia institucional del pa\u00eds en una tarde de memoria, tradici\u00f3n e identidad. &nbsp; El BC MoraBanc Andorra ha querido sumarse un a\u00f1o m\u00e1s a la conmemoraci\u00f3n del D\u00eda de la Constituci\u00f3n con una visita institucional [&hellip;]<\/p>\n","protected":false},"author":102,"featured_media":39148,"comment_status":"closed","ping_status":"closed","sticky":false,"template":"","format":"standard","meta":{"om_disable_all_campaigns":false,"inline_featured_image":false,"_monsterinsights_skip_tracking":false,"_monsterinsights_sitenote_active":false,"_monsterinsights_sitenote_note":"","_monsterinsights_sitenote_category":0,"_uf_show_specific_survey":0,"_uf_disable_surveys":false,"footnotes":""},"categories":[944,150,109,98],"tags":[1166,1751,1632],"class_list":["post-39149","post","type-post","status-publish","format-standard","has-post-thumbnail","hentry","category-acb-es","category-basquet-club-andorra-es","category-morabanc-andorra-es","category-noticia-es","tag-andorra-la-vella-es-2","tag-casa-de-la-vall-es","tag-temporada-2025-2026-es"],"aioseo_notices":[],"_links":{"self":[{"href":"https:\/\/www.bca.ad\/es\/wp-json\/wp\/v2\/posts\/39149","targetHints":{"allow":["GET"]}}],"collection":[{"href":"https:\/\/www.bca.ad\/es\/wp-json\/wp\/v2\/posts"}],"about":[{"href":"https:\/\/www.bca.ad\/es\/wp-json\/wp\/v2\/types\/post"}],"author":[{"embeddable":true,"href":"https:\/\/www.bca.ad\/es\/wp-json\/wp\/v2\/users\/102"}],"replies":[{"embeddable":true,"href":"https:\/\/www.bca.ad\/es\/wp-json\/wp\/v2\/comments?post=39149"}],"version-history":[{"count":0,"href":"https:\/\/www.bca.ad\/es\/wp-json\/wp\/v2\/posts\/39149\/revisions"}],"wp:featuredmedia":[{"embeddable":true,"href":"https:\/\/www.bca.ad\/es\/wp-json\/wp\/v2\/media\/39148"}],"wp:attachment":[{"href":"https:\/\/www.bca.ad\/es\/wp-json\/wp\/v2\/media?parent=39149"}],"wp:term":[{"taxonomy":"category","embeddable":true,"href":"https:\/\/www.bca.ad\/es\/wp-json\/wp\/v2\/categories?post=39149"},{"taxonomy":"post_tag","embeddable":true,"href":"https:\/\/www.bca.ad\/es\/wp-json\/wp\/v2\/tags?post=39149"}],"curies":[{"name":"wp","href":"https:\/\/api.w.org\/{rel}","templated":true}]}}