{"id":39404,"date":"2026-04-30T16:12:26","date_gmt":"2026-04-30T14:12:26","guid":{"rendered":"https:\/\/www.bca.ad\/el-bc-morabanc-andorra-moviliza-a-mas-de-840-jovenes-para-abordar-el-acoso-y-el-ciberacoso\/"},"modified":"2026-04-30T16:12:26","modified_gmt":"2026-04-30T14:12:26","slug":"el-bc-morabanc-andorra-moviliza-a-mas-de-840-jovenes-para-abordar-el-acoso-y-el-ciberacoso","status":"publish","type":"post","link":"https:\/\/www.bca.ad\/es\/el-bc-morabanc-andorra-moviliza-a-mas-de-840-jovenes-para-abordar-el-acoso-y-el-ciberacoso\/","title":{"rendered":"El BC MoraBanc Andorra moviliza a m\u00e1s de 840 j\u00f3venes para abordar el acoso y el ciberacoso"},"content":{"rendered":"<p style=\"text-align: justify;\"><strong>La jornada \u201cDefensem el respecte\u201d, enmarcada en el D\u00eda Mundial contra el Acoso Escolar, pone el foco en la detecci\u00f3n, la comunicaci\u00f3n y el papel clave de los observadores<\/strong><\/p>\n<p>&nbsp;<br \/>\nUn apag\u00f3n de luces en el Pavell\u00f3 Toni Mart\u00ed ha marcado el inicio de la jornada \u201cDefensem el respecte\u201d, con un mensaje claro: algo importante estaba a punto de empezar. Y as\u00ed ha sido. M\u00e1s de 840 alumnos de 6\u00ba de primaria y de 1\u00ba y 2\u00ba de secundaria de los distintos sistemas educativos del pa\u00eds han participado este jueves en una iniciativa del BC MoraBanc Andorra enmarcada en el D\u00eda Mundial contra el Acoso Escolar, que se celebra el 2 de mayo.<\/p>\n<p>&nbsp;<\/p>\n<p style=\"text-align: justify;\"><strong>El acto ha arrancado con la proyecci\u00f3n de un v\u00eddeo de bienvenida protagonizado por jugadores y el entrenador del primer equipo, seguido de la actuaci\u00f3n del Cor Rock d\u2019Encamp, en una sesi\u00f3n que ha combinado testimonio, an\u00e1lisis profesional y herramientas pr\u00e1cticas para afrontar el acoso y el ciberacoso entre los j\u00f3venes.<\/strong><\/p>\n<p>&nbsp;<\/p>\n<p style=\"text-align: justify;\">La jornada ha contado con las intervenciones del educador social Brian Giner; la psic\u00f3loga infantojuvenil del SAAS, Bibiana Sans; el Agent Major del Grup de Delictes Tecnol\u00f2gics de la Policia d\u2019Andorra, Ferran Jordan; y el director de baloncesto formativo del BC MoraBanc Andorra, David Eudal, ante la presencia del presidente del club, Gorka Aix\u00e0s, y de diversas autoridades institucionales.<\/p>\n<p>&nbsp;<\/p>\n<p style=\"text-align: justify;\">Uno de los ejes centrales ha sido la importancia de detectar y comunicar estas situaciones. El educador social Brian Giner, que sufri\u00f3 acoso durante doce a\u00f1os, ha explicado que durante mucho tiempo normaliz\u00f3 lo que le ocurr\u00eda y no lo comunic\u00f3: \u201cPensaba que era algo normal y no ten\u00eda ning\u00fan espacio seguro donde explicarlo\u201d.<\/p>\n<p>&nbsp;<\/p>\n<p style=\"text-align: justify;\">Giner ha puesto especial \u00e9nfasis en el papel de los observadores, a menudo presentes pero inactivos: \u201cLo que m\u00e1s da\u00f1o hace no es solo el insulto o el golpe, sino que quien lo ve no haga nada. Muchas veces se piensa que es una broma, pero no lo es\u201d. En este sentido, ha alertado de la normalizaci\u00f3n de conductas como el insulto o la agresi\u00f3n, que dificultan que los j\u00f3venes identifiquen los l\u00edmites, e insisti\u00f3 en la necesidad de hablar y pedir ayuda para evitar el aislamiento.<\/p>\n<p>&nbsp;<br \/>\n<img loading=\"lazy\" decoding=\"async\" width=\"1500\" height=\"844\" src=\"https:\/\/www.bca.ad\/wp-content\/uploads\/2026\/04\/brianginer_der_2526.png\" alt=\"\" class=\"alignnone size-full wp-image-39396\" srcset=\"https:\/\/www.bca.ad\/wp-content\/uploads\/2026\/04\/brianginer_der_2526.png 1500w, https:\/\/www.bca.ad\/wp-content\/uploads\/2026\/04\/brianginer_der_2526-300x169.png 300w, https:\/\/www.bca.ad\/wp-content\/uploads\/2026\/04\/brianginer_der_2526-1024x576.png 1024w, https:\/\/www.bca.ad\/wp-content\/uploads\/2026\/04\/brianginer_der_2526-768x432.png 768w, https:\/\/www.bca.ad\/wp-content\/uploads\/2026\/04\/brianginer_der_2526-1390x782.png 1390w, https:\/\/www.bca.ad\/wp-content\/uploads\/2026\/04\/brianginer_der_2526-600x338.png 600w\" sizes=\"auto, (max-width: 1500px) 100vw, 1500px\" \/><br \/>\n&nbsp;<\/p>\n<p style=\"text-align: justify;\">Desde la vertiente psicol\u00f3gica, la psic\u00f3loga infantojuvenil del SAAS, Bibiana Sans, ha explicado que el acoso se puede detectar a trav\u00e9s de cambios conductuales evidentes, como la bajada del rendimiento acad\u00e9mico, la p\u00e9rdida de autoestima o el rechazo a ir a la escuela o a utilizar el m\u00f3vil. Seg\u00fan ha se\u00f1alado, si no se act\u00faa, estas situaciones pueden derivar en problemas de salud mental graves, como depresiones o intentos de autolesi\u00f3n, y ha remarcado la importancia de comunicarlo para activar ayuda profesional.<\/p>\n<p>&nbsp;<\/p>\n<p style=\"text-align: justify;\">Sans ha insistido en que el proceso de recuperaci\u00f3n pasa necesariamente por romper el silencio y pedir ayuda: explicarlo a una persona de confianza, ya sean los padres, amigos o profesores, es el primer paso para iniciar el proceso y frenar la situaci\u00f3n.<\/p>\n<p>&nbsp;<\/p>\n<p style=\"text-align: justify;\">En este contexto, tambi\u00e9n se han puesto en valor herramientas como B-Resol, una plataforma digital que permite a los alumnos comunicar de manera an\u00f3nima situaciones de acoso o malestar en el centro educativo, facilitando una detecci\u00f3n precoz y una intervenci\u00f3n r\u00e1pida por parte de los equipos educativos.<\/p>\n<p>&nbsp;<br \/>\n<img loading=\"lazy\" decoding=\"async\" width=\"1500\" height=\"844\" src=\"https:\/\/www.bca.ad\/wp-content\/uploads\/2026\/04\/saas_der_2526.png\" alt=\"\" class=\"alignnone size-full wp-image-39402\" srcset=\"https:\/\/www.bca.ad\/wp-content\/uploads\/2026\/04\/saas_der_2526.png 1500w, https:\/\/www.bca.ad\/wp-content\/uploads\/2026\/04\/saas_der_2526-300x169.png 300w, https:\/\/www.bca.ad\/wp-content\/uploads\/2026\/04\/saas_der_2526-1024x576.png 1024w, https:\/\/www.bca.ad\/wp-content\/uploads\/2026\/04\/saas_der_2526-768x432.png 768w, https:\/\/www.bca.ad\/wp-content\/uploads\/2026\/04\/saas_der_2526-1390x782.png 1390w, https:\/\/www.bca.ad\/wp-content\/uploads\/2026\/04\/saas_der_2526-600x338.png 600w\" sizes=\"auto, (max-width: 1500px) 100vw, 1500px\" \/><br \/>\n&nbsp;<\/p>\n<p style=\"text-align: justify;\">La jornada ha abordado tambi\u00e9n c\u00f3mo el acoso trasciende el entorno escolar y se mantiene a trav\u00e9s de las redes sociales, donde adquiere una dimensi\u00f3n m\u00e1s psicol\u00f3gica y persistente. En este sentido, el Agent Major del Grup de Delictes Tecnol\u00f2gics de la Policia d\u2019Andorra, Ferran Jordan, ha recordado que el ciberacoso se construye a partir de acciones reiteradas en el tiempo: \u201cPuede ser un mensaje, una amenaza o la manipulaci\u00f3n de una imagen. Hay muchas formas de atacar a una persona\u201d.<\/p>\n<p>&nbsp;<\/p>\n<p style=\"text-align: justify;\">Jordan ha insistido en la responsabilidad asociada a estos comportamientos: \u201cNo debemos normalizar el insulto o la amenaza en las redes. El comportamiento en un entorno digital debe ser el mismo que en cualquier espacio presencial\u201d, recordando que a partir de los 12 a\u00f1os los menores ya pueden responder penalmente por sus actos, de acuerdo con la legislaci\u00f3n espec\u00edfica de menores.<\/p>\n<p>&nbsp;<br \/>\n<img loading=\"lazy\" decoding=\"async\" width=\"1500\" height=\"844\" src=\"https:\/\/www.bca.ad\/wp-content\/uploads\/2026\/04\/policia_der_2526.png\" alt=\"\" class=\"alignnone size-full wp-image-39400\" srcset=\"https:\/\/www.bca.ad\/wp-content\/uploads\/2026\/04\/policia_der_2526.png 1500w, https:\/\/www.bca.ad\/wp-content\/uploads\/2026\/04\/policia_der_2526-300x169.png 300w, https:\/\/www.bca.ad\/wp-content\/uploads\/2026\/04\/policia_der_2526-1024x576.png 1024w, https:\/\/www.bca.ad\/wp-content\/uploads\/2026\/04\/policia_der_2526-768x432.png 768w, https:\/\/www.bca.ad\/wp-content\/uploads\/2026\/04\/policia_der_2526-1390x782.png 1390w, https:\/\/www.bca.ad\/wp-content\/uploads\/2026\/04\/policia_der_2526-600x338.png 600w\" sizes=\"auto, (max-width: 1500px) 100vw, 1500px\" \/><br \/>\n&nbsp;<\/p>\n<p style=\"text-align: justify;\">El acto ha incorporado tambi\u00e9n la mirada educativa del deporte. El director de baloncesto formativo del BC MoraBanc Andorra, David Eudal, ha subrayado que el deporte es una herramienta clave en la transmisi\u00f3n de valores: \u201cEl respeto, la constancia, el autocontrol o la gesti\u00f3n de la frustraci\u00f3n se aprenden dentro de la pista, pero son aprendizajes que van m\u00e1s all\u00e1 y que te acompa\u00f1an despu\u00e9s en la vida personal y profesional\u201d.<\/p>\n<p>&nbsp;<\/p>\n<p style=\"text-align: justify;\">Eudal ha remarcado que estos valores se construyen en el d\u00eda a d\u00eda, a trav\u00e9s de gestos cotidianos y de la relaci\u00f3n con los dem\u00e1s, y ha defendido que \u201csi nos respetamos, el mundo seguro que ser\u00e1 un poco mejor\u201d. Preguntado por el impacto de las pantallas, ha defendido la necesidad de combinarlas con la actividad deportiva y hacer un uso responsable, reivindicando el deporte como espacio de relaci\u00f3n: \u201cLas conexiones que se crean en la pista, incluso con rivales, son \u00fanicas y pueden acompa\u00f1arte toda la vida\u201d.<\/p>\n<p>&nbsp;<br \/>\n<img loading=\"lazy\" decoding=\"async\" width=\"1500\" height=\"844\" src=\"https:\/\/www.bca.ad\/wp-content\/uploads\/2026\/04\/davideudal_der_2526.png\" alt=\"\" class=\"alignnone size-full wp-image-39398\" srcset=\"https:\/\/www.bca.ad\/wp-content\/uploads\/2026\/04\/davideudal_der_2526.png 1500w, https:\/\/www.bca.ad\/wp-content\/uploads\/2026\/04\/davideudal_der_2526-300x169.png 300w, https:\/\/www.bca.ad\/wp-content\/uploads\/2026\/04\/davideudal_der_2526-1024x576.png 1024w, https:\/\/www.bca.ad\/wp-content\/uploads\/2026\/04\/davideudal_der_2526-768x432.png 768w, https:\/\/www.bca.ad\/wp-content\/uploads\/2026\/04\/davideudal_der_2526-1390x782.png 1390w, https:\/\/www.bca.ad\/wp-content\/uploads\/2026\/04\/davideudal_der_2526-600x338.png 600w\" sizes=\"auto, (max-width: 1500px) 100vw, 1500px\" \/><br \/>\n&nbsp;<\/p>\n<p style=\"text-align: justify;\">Una vez finalizado el evento, la responsable de Responsabilidad Social Corporativa del club, Nat\u00e0lia De Felipe, ha destacado la voluntad del BC MoraBanc Andorra de impulsar este tipo de acciones y ha agradecido, especialmente, la implicaci\u00f3n de los centros educativos participantes, as\u00ed como la colaboraci\u00f3n de las entidades y profesionales que han hecho posible la jornada, como el Govern d\u2019Andorra, el SAAS, la Policia, Andorra Telecom y Andorra Digital.<\/p>\n<p>&nbsp;<\/p>\n<p style=\"text-align: justify;\">De Felipe ha subrayado el papel del club como agente activo dentro de la sociedad: \u201cComo club deportivo tenemos la responsabilidad de alzar la voz y aprovechar nuestro altavoz para generar espacios de reflexi\u00f3n y concienciaci\u00f3n entre los j\u00f3venes\u201d. En esta l\u00ednea, ha explicado que la iniciativa se ha trabajado desde hace meses dentro del proyecto social del club y ha avanzado la voluntad de darle continuidad: \u201cSi acciones como esta funcionan y tienen impacto, deben repetirse\u201d.<\/p>\n<p>&nbsp;<\/p>\n<p style=\"text-align: justify;\">El acto se ha cerrado con una fotograf\u00eda de familia y una actuaci\u00f3n de la batucada de l\u2019Escola Andorrana de Santa Coloma, que ha hecho levantar al p\u00fablico y ha puesto el punto final a una jornada marcada por la reflexi\u00f3n y la concienciaci\u00f3n.<\/p>\n<p>&nbsp;<\/p>\n<p style=\"text-align: justify;\">Con m\u00e1s de 840 j\u00f3venes presentes, el mensaje ha sido claro: ninguna situaci\u00f3n de acoso debe vivirse en silencio. Hablar, escuchar y actuar a tiempo puede cambiarlo todo.<\/p>\n","protected":false},"excerpt":{"rendered":"<p>La jornada \u201cDefensem el respecte\u201d, enmarcada en el D\u00eda Mundial contra el Acoso Escolar, pone el foco en la detecci\u00f3n, la comunicaci\u00f3n y el papel clave de los observadores &nbsp; Un apag\u00f3n de luces en el Pavell\u00f3 Toni Mart\u00ed ha marcado el inicio de la jornada \u201cDefensem el respecte\u201d, con un mensaje claro: algo importante [&hellip;]<\/p>\n","protected":false},"author":102,"featured_media":39395,"comment_status":"closed","ping_status":"closed","sticky":false,"template":"","format":"standard","meta":{"om_disable_all_campaigns":false,"inline_featured_image":false,"_monsterinsights_skip_tracking":false,"_monsterinsights_sitenote_active":false,"_monsterinsights_sitenote_note":"","_monsterinsights_sitenote_category":0,"_uf_show_specific_survey":0,"_uf_disable_surveys":false,"footnotes":""},"categories":[944,150,109,98],"tags":[1766,1632],"class_list":["post-39404","post","type-post","status-publish","format-standard","has-post-thumbnail","hentry","category-acb-es","category-basquet-club-andorra-es","category-morabanc-andorra-es","category-noticia-es","tag-defensem-el-respecte-es","tag-temporada-2025-2026-es"],"aioseo_notices":[],"_links":{"self":[{"href":"https:\/\/www.bca.ad\/es\/wp-json\/wp\/v2\/posts\/39404","targetHints":{"allow":["GET"]}}],"collection":[{"href":"https:\/\/www.bca.ad\/es\/wp-json\/wp\/v2\/posts"}],"about":[{"href":"https:\/\/www.bca.ad\/es\/wp-json\/wp\/v2\/types\/post"}],"author":[{"embeddable":true,"href":"https:\/\/www.bca.ad\/es\/wp-json\/wp\/v2\/users\/102"}],"replies":[{"embeddable":true,"href":"https:\/\/www.bca.ad\/es\/wp-json\/wp\/v2\/comments?post=39404"}],"version-history":[{"count":0,"href":"https:\/\/www.bca.ad\/es\/wp-json\/wp\/v2\/posts\/39404\/revisions"}],"wp:featuredmedia":[{"embeddable":true,"href":"https:\/\/www.bca.ad\/es\/wp-json\/wp\/v2\/media\/39395"}],"wp:attachment":[{"href":"https:\/\/www.bca.ad\/es\/wp-json\/wp\/v2\/media?parent=39404"}],"wp:term":[{"taxonomy":"category","embeddable":true,"href":"https:\/\/www.bca.ad\/es\/wp-json\/wp\/v2\/categories?post=39404"},{"taxonomy":"post_tag","embeddable":true,"href":"https:\/\/www.bca.ad\/es\/wp-json\/wp\/v2\/tags?post=39404"}],"curies":[{"name":"wp","href":"https:\/\/api.w.org\/{rel}","templated":true}]}}