{"id":3973,"date":"2014-12-10T12:58:15","date_gmt":"2014-12-10T12:58:15","guid":{"rendered":"http:\/\/www.bca.ad\/joan-penarroya-tenim-un-equip-on-hem-de-fer-un-pas-endavant-tots-2\/"},"modified":"2014-12-10T12:59:08","modified_gmt":"2014-12-10T12:59:08","slug":"joan-penarroya-tenim-un-equip-on-hem-de-fer-un-pas-endavant-tots","status":"publish","type":"post","link":"https:\/\/www.bca.ad\/es\/joan-penarroya-tenim-un-equip-on-hem-de-fer-un-pas-endavant-tots\/","title":{"rendered":"Joan Pe\u00f1arroya: &#8220;Tenemos un equipo donde todos tenemos que dar un paso adelante&#8221;"},"content":{"rendered":"<p>En una semana m\u00e1s corta de lo habitual, el pr\u00f3ximo partido llega el s\u00e1bado despu\u00e9s de haber disputado jornada el lunes, hace que las conclusiones tengan que empezar a asumirse lo antes posible. Y en esto ya se han puesto a trabajar.<\/p>\n<p>El equipo de Joan Pe\u00f1arroya, inici\u00f3 los entrenamientos en la tarde de ayer, y hoy ha analizado el mismo t\u00e9cnico, la actualidad de su equipo. Un conjunto que quiere dejar atr\u00e1s lo antes posible las derrotas de las pasadas jornadas, y volver a mostrar en casa la cara que tanto gusta a los aficionados.<\/p>\n<p>Declaraciones m\u00e1s destacadas del t\u00e9cnico, Joan Pe\u00f1arroya:<\/p>\n<p><strong>Derrota en Fuenlabrada<\/strong><\/p>\n<p>&#8220;Est\u00e1 claro que no fue un buen partido. Debemos extraer las conclusiones necesarias para mejorar. Pero bueno, tenemos un partido dentro de 3 d\u00edas, tenemos que limpiar la cabeza y afrontar el encuentro como lo hacemos todos los partidos en el Polideportivo. Adem\u00e1s ante un rival que nos exigir\u00e1 mucho\u201d.<\/p>\n<p><strong>Referentes a la pista<\/strong><\/p>\n<p>&#8220;Es evidente que si fuera un liderazgo ir\u00edamos mejor, pero ahora no lo tenemos dentro de la pista, y que la estamos echando de menos fuera de casa. Cuando llegan los malos momentos, no somos capaces de revertir la situaci\u00f3n, nos afectan mucho y no los corregimos. Aqu\u00ed entran las dudas y dejamos de ser un equipo s\u00f3lido en actuaciones defensivas\u201d.<\/p>\n<p>&#8220;Nos falta esta experiencia, esta solidez, de saber leer los momentos de partido o no se pueden cometer errores. Esto no lo hacemos bien fuera de casa\u201d.<\/p>\n<p><strong>Un paso adelante<\/strong><\/p>\n<p>&#8220;Tenemos un equipo donde tenemos que dar un paso adelante todos. No tenemos un jugador referente, este perfil. Si tenemos con experiencia en la liga, que pueden hacer algo m\u00e1s para ser referentes, pero no es su perfil. Debemos funcionar como equipo y dar un paso adelante todos\u201d.<\/p>\n<p><strong>Afici\u00f3n<\/strong><\/p>\n<p>&#8220;La afici\u00f3n est\u00e1 contenta de lo que ve, de lo que se encuentra en el Polideportivo. Son sabedores de que somos nuevos en la liga yq esta puede ser una situaci\u00f3n normal. Evidentemente la afici\u00f3n tiene el derecho de exigirnos mucho m\u00e1s a los partidos fuera de casa. Lo que les puedo decir es que estamos trabajando y que el esfuerzo de los jugadores y es. Espero que siga como hasta ahora, siendo un gran apoyo y ayudando al equipo para tratar de sumar una nueva victoria\u201d.<\/p>\n","protected":false},"excerpt":{"rendered":"<p>En una semana m\u00e1s corta de lo habitual, el pr\u00f3ximo partido llega el s\u00e1bado despu\u00e9s de haber disputado jornada el lunes, hace que las conclusiones tengan que empezar a asumirse lo antes posible. Y en esto ya se han puesto a trabajar. El equipo de Joan Pe\u00f1arroya, inici\u00f3 los entrenamientos en la tarde de ayer, [&hellip;]<\/p>\n","protected":false},"author":102,"featured_media":0,"comment_status":"open","ping_status":"closed","sticky":false,"template":"","format":"standard","meta":{"om_disable_all_campaigns":false,"inline_featured_image":false,"_monsterinsights_skip_tracking":false,"_monsterinsights_sitenote_active":false,"_monsterinsights_sitenote_note":"","_monsterinsights_sitenote_category":0,"_uf_show_specific_survey":0,"_uf_disable_surveys":false,"footnotes":""},"categories":[150,109,157],"tags":[],"class_list":["post-3973","post","type-post","status-publish","format-standard","hentry","category-basquet-club-andorra-es","category-morabanc-andorra-es","category-patrocinadores"],"aioseo_notices":[],"_links":{"self":[{"href":"https:\/\/www.bca.ad\/es\/wp-json\/wp\/v2\/posts\/3973","targetHints":{"allow":["GET"]}}],"collection":[{"href":"https:\/\/www.bca.ad\/es\/wp-json\/wp\/v2\/posts"}],"about":[{"href":"https:\/\/www.bca.ad\/es\/wp-json\/wp\/v2\/types\/post"}],"author":[{"embeddable":true,"href":"https:\/\/www.bca.ad\/es\/wp-json\/wp\/v2\/users\/102"}],"replies":[{"embeddable":true,"href":"https:\/\/www.bca.ad\/es\/wp-json\/wp\/v2\/comments?post=3973"}],"version-history":[{"count":0,"href":"https:\/\/www.bca.ad\/es\/wp-json\/wp\/v2\/posts\/3973\/revisions"}],"wp:attachment":[{"href":"https:\/\/www.bca.ad\/es\/wp-json\/wp\/v2\/media?parent=3973"}],"wp:term":[{"taxonomy":"category","embeddable":true,"href":"https:\/\/www.bca.ad\/es\/wp-json\/wp\/v2\/categories?post=3973"},{"taxonomy":"post_tag","embeddable":true,"href":"https:\/\/www.bca.ad\/es\/wp-json\/wp\/v2\/tags?post=3973"}],"curies":[{"name":"wp","href":"https:\/\/api.w.org\/{rel}","templated":true}]}}