{"id":40067,"date":"2026-09-05T10:53:13","date_gmt":"2026-09-05T08:53:13","guid":{"rendered":"https:\/\/www.bca.ad\/el-morabanc-andorra-hace-pina-en-el-pas-de-la-casa\/"},"modified":"2026-09-05T10:53:18","modified_gmt":"2026-09-05T08:53:18","slug":"el-morabanc-andorra-hace-pina-en-el-pas-de-la-casa","status":"publish","type":"post","link":"https:\/\/www.bca.ad\/es\/el-morabanc-andorra-hace-pina-en-el-pas-de-la-casa\/","title":{"rendered":"EL MORABANC ANDORRA HACE PI\u00d1A EN EL PAS DE LA CASA"},"content":{"rendered":"<p style=\"text-align: justify;\"><strong>El primer equipo completa del 4 al 6 de septiembre una estancia de pretemporada en la parroquia de Encamp, en el marco del convenio de colaboraci\u00f3n con el Com\u00fa, antes de afrontar el domingo un nuevo test de preparaci\u00f3n ante el Bar\u00e7a.<\/strong><\/p>\n<p>&nbsp;<\/p>\n<p style=\"text-align: justify;\">El MoraBanc Andorra traslada estos d\u00edas su pretemporada a la parroquia de Encamp. Del 4 al 6 de septiembre, el equipo de Zan Tabak concentra el trabajo en el Centre Esportiu del Pas de la Casa en una estancia que combina la preparaci\u00f3n f\u00edsica y t\u00e1ctica con otro objetivo importante en estas primeras semanas: reforzar la convivencia y los v\u00ednculos de un grupo con muchas caras nuevas.<\/p>\n<p>&nbsp;<\/p>\n<p style=\"text-align: justify;\">La estancia forma parte de la colaboraci\u00f3n entre el BC MoraBanc Andorra y el Com\u00fa d\u2019Encamp, una alianza que tiene entre sus objetivos la promoci\u00f3n de la parroquia y que incluye espec\u00edficamente la estancia de pretemporada del primer equipo y la celebraci\u00f3n de un partido amistoso en Encamp. La vinculaci\u00f3n va m\u00e1s all\u00e1 de estos d\u00edas y contempla tambi\u00e9n acciones conjuntas durante la temporada, tanto deportivas como promocionales, para contribuir a la dinamizaci\u00f3n y proyecci\u00f3n de Encamp y el Pas de la Casa.<\/p>\n<p>&nbsp;<\/p>\n<p style=\"text-align: justify;\">La concentraci\u00f3n permite, al mismo tiempo, poner en valor unas instalaciones que convierten el Pas de la Casa en un escenario habitual para estancias deportivas y que ofrecen al MoraBanc Andorra la posibilidad de trabajar fuera de la rutina diaria sin salir del pa\u00eds. \u201cEs un privilegio. Hay equipos de primer nivel europeo que vienen aqu\u00ed para hacer lo que nosotros podemos hacer dentro de nuestro propio pa\u00eds\u201d, destaca el director deportivo del club, Jordi Ard\u00e8vol. \u201cLa distancia es suficiente para crear este ambiente de convivencia, que es muy importante para que el grupo se una y est\u00e9 preparado para afrontar los momentos dif\u00edciles\u201d, a\u00f1ade.<\/p>\n<p>&nbsp;<\/p>\n<p style=\"text-align: justify;\">En el \u00e1mbito deportivo, Ard\u00e8vol valora positivamente las primeras semanas de preparaci\u00f3n pese a la cancelaci\u00f3n de algunos de los partidos previstos. \u201cEl equipo est\u00e1 trabajando muy bien. Todas las pretemporadas son muy exigentes f\u00edsicamente y estamos poniendo toda la carga que podemos en este momento\u201d, explica. La falta de algunos tests, como la anulaci\u00f3n del partido ante el Burgos, se ha compensado con m\u00e1s horas de pista y, por el momento, con un dato especialmente positivo: \u201cNo estamos teniendo lesiones, que siempre es la mejor noticia que podemos tener\u201d.<\/p>\n<p>&nbsp;<\/p>\n<p style=\"text-align: justify;\">Para el director deportivo, estas semanas tambi\u00e9n deben servir para construir una qu\u00edmica que considera \u201cb\u00e1sica\u201d de cara a la temporada. Una idea que cobra todav\u00eda m\u00e1s sentido durante los tres d\u00edas de convivencia en el Pas de la Casa. \u201cSomos un grupo de gente que convivimos much\u00edsimas horas juntos y nos encontraremos ante situaciones complicadas durante el a\u00f1o. Todo lo que sea reforzar estos v\u00ednculos es realmente muy importante\u201d, se\u00f1ala Ard\u00e8vol.<\/p>\n<p>&nbsp;<\/p>\n<p style=\"text-align: justify;\">Zan Tabak coincide en la buena predisposici\u00f3n del grupo en este inicio de preparaci\u00f3n. El t\u00e9cnico destaca \u201cla much\u00edsima disposici\u00f3n para trabajar\u201d de los jugadores, aunque recuerda que se trata de una plantilla con muchas incorporaciones y con ritmos de adaptaci\u00f3n diferentes. \u201cNi f\u00edsica ni t\u00e1cticamente estamos todav\u00eda donde queremos estar, pero estamos en una fase normal para el inicio de la pretemporada\u201d, apunta.<\/p>\n<p>&nbsp;<\/p>\n<p style=\"text-align: justify;\">El entrenador tambi\u00e9n pone en valor las condiciones que ofrece la estancia y ha querido agradecer al Com\u00fa d\u2019Encamp que haga posible mantener una concentraci\u00f3n que ya se ha convertido en tradicional dentro de la preparaci\u00f3n del equipo. Para Tabak, poder trabajar durante unos d\u00edas en un entorno m\u00e1s aislado permite centrarse en \u201clas cosas importantes\u201d y favorecer que jugadores y cuerpo t\u00e9cnico est\u00e9n concentrados en el trabajo y en el grupo.<\/p>\n<p>&nbsp;<\/p>\n<p style=\"text-align: justify;\">La estancia culminar\u00e1 este domingo, 6 de septiembre, a las 12:30 horas, en el Complex Esportiu i Sociocultural d\u2019Encamp, con el partido de pretemporada entre el MoraBanc Andorra y el Bar\u00e7a. Tabak afronta el duelo como un paso m\u00e1s en la preparaci\u00f3n: \u201cSabemos lo que significa el Bar\u00e7a en esta parte del mundo, pero para nosotros es otro partido de pretemporada. Queremos seguir trabajando y mejorando para llegar al inicio de la temporada m\u00e1s cerca de donde queremos estar y en mejores condiciones para competir\u201d.<\/p>\n<p>&nbsp;<\/p>\n<p style=\"text-align: justify;\">Las entradas para el partido contin\u00faan a la venta en bca.ad y todav\u00eda hay localidades disponibles. El encuentro tambi\u00e9n podr\u00e1 seguirse en directo a trav\u00e9s de RTVA y TV3.<\/p>\n","protected":false},"excerpt":{"rendered":"<p>El primer equipo completa del 4 al 6 de septiembre una estancia de pretemporada en la parroquia de Encamp, en el marco del convenio de colaboraci\u00f3n con el Com\u00fa, antes de afrontar el domingo un nuevo test de preparaci\u00f3n ante el Bar\u00e7a. &nbsp; El MoraBanc Andorra traslada estos d\u00edas su pretemporada a la parroquia de [&hellip;]<\/p>\n","protected":false},"author":102,"featured_media":40066,"comment_status":"closed","ping_status":"closed","sticky":false,"template":"","format":"standard","meta":{"om_disable_all_campaigns":false,"inline_featured_image":false,"_monsterinsights_skip_tracking":false,"_uf_show_specific_survey":0,"_uf_disable_surveys":false,"footnotes":""},"categories":[944,150,109],"tags":[1060,1778],"class_list":["post-40067","post","type-post","status-publish","format-standard","has-post-thumbnail","hentry","category-acb-es","category-basquet-club-andorra-es","category-morabanc-andorra-es","tag-pretemporada-es-2","tag-temporada-2026-2027-es"],"aioseo_notices":[],"_links":{"self":[{"href":"https:\/\/www.bca.ad\/es\/wp-json\/wp\/v2\/posts\/40067","targetHints":{"allow":["GET"]}}],"collection":[{"href":"https:\/\/www.bca.ad\/es\/wp-json\/wp\/v2\/posts"}],"about":[{"href":"https:\/\/www.bca.ad\/es\/wp-json\/wp\/v2\/types\/post"}],"author":[{"embeddable":true,"href":"https:\/\/www.bca.ad\/es\/wp-json\/wp\/v2\/users\/102"}],"replies":[{"embeddable":true,"href":"https:\/\/www.bca.ad\/es\/wp-json\/wp\/v2\/comments?post=40067"}],"version-history":[{"count":0,"href":"https:\/\/www.bca.ad\/es\/wp-json\/wp\/v2\/posts\/40067\/revisions"}],"wp:featuredmedia":[{"embeddable":true,"href":"https:\/\/www.bca.ad\/es\/wp-json\/wp\/v2\/media\/40066"}],"wp:attachment":[{"href":"https:\/\/www.bca.ad\/es\/wp-json\/wp\/v2\/media?parent=40067"}],"wp:term":[{"taxonomy":"category","embeddable":true,"href":"https:\/\/www.bca.ad\/es\/wp-json\/wp\/v2\/categories?post=40067"},{"taxonomy":"post_tag","embeddable":true,"href":"https:\/\/www.bca.ad\/es\/wp-json\/wp\/v2\/tags?post=40067"}],"curies":[{"name":"wp","href":"https:\/\/api.w.org\/{rel}","templated":true}]}}