{"id":4034,"date":"2014-12-16T11:31:36","date_gmt":"2014-12-16T11:31:36","guid":{"rendered":"http:\/\/www.bca.ad\/penarroya-hem-de-recuperar-el-feeling-2\/"},"modified":"2014-12-16T11:32:35","modified_gmt":"2014-12-16T11:32:35","slug":"penarroya-hem-de-recuperar-el-feeling","status":"publish","type":"post","link":"https:\/\/www.bca.ad\/es\/penarroya-hem-de-recuperar-el-feeling\/","title":{"rendered":"Pe\u00f1arroya: &#8220;Tenemos que recuperar el feeling&#8221;"},"content":{"rendered":"<p>&#8220;Tenemos que recuperar el feeling y ser m\u00e1s s\u00f3lidos pero eso lo tenemos que hacer a partir de la mejora de nuestro juego&#8221;. Esta ha sido una de las declaraciones relevantes de Joan Pe\u00f1arroya en la comparecencia de hoy ante los medios de comunicaci\u00f3n.<\/p>\n<p>El t\u00e9cnico del equipo andorrano ha admitido que en &#8220;determinados momentos de los partidos algunos jugadores pueden tener dudas&#8221; pero a\u00f1adi\u00f3 que &#8220;esto es muy largo y estamos tranquilos, aunque no nos estamos acostumbrados a perder 4 partidos seguidos y eso nos afecta&#8221;.<\/p>\n<p>Ivanov<\/p>\n<p>&#8220;M\u00e1s all\u00e1 de las estad\u00edsticas le pedimos que nos ayude en aspectos m\u00e1s intangibles como el liderazgo. Nosotros tenemos dos jugadores que pueden jugar este papel por su experiencia, Sada y Ivanov y ahora \u00e9l sabe que tiene que dar un paso adelante&#8221;.<\/p>\n<p>Roman<\/p>\n<p>&#8220;No hay novedades, el club est\u00e1 negociando con \u00e9l la rescisi\u00f3n del contrato. Consider\u00e9 que ese era motivo suficiente para no contar con \u00e9l y en principio para el s\u00e1bado en Sevilla, si todav\u00eda est\u00e1 con nosotros, las cosas seguir\u00e1n igual. Insisto en que es un jugador que trabaja muy bien pero ni \u00e9l ni nosotros hemos cumplido con las expectativas que ten\u00edamos sobre su rendimiento&#8221;.<\/p>\n<p>Sevilla<\/p>\n<p>&#8220;Es un partido importante pero queda mucha liga todav\u00eda. Ahora parece que hayamos ca\u00eddo en un pozo y hay equipos con las mismas victorias que nosotros, como Sevilla, que est\u00e1n muy optimistas. Calma&#8221;.<\/p>\n","protected":false},"excerpt":{"rendered":"<p>&#8220;Tenemos que recuperar el feeling y ser m\u00e1s s\u00f3lidos pero eso lo tenemos que hacer a partir de la mejora de nuestro juego&#8221;. Esta ha sido una de las declaraciones relevantes de Joan Pe\u00f1arroya en la comparecencia de hoy ante los medios de comunicaci\u00f3n. El t\u00e9cnico del equipo andorrano ha admitido que en &#8220;determinados momentos [&hellip;]<\/p>\n","protected":false},"author":102,"featured_media":0,"comment_status":"open","ping_status":"closed","sticky":false,"template":"","format":"standard","meta":{"om_disable_all_campaigns":false,"inline_featured_image":false,"_monsterinsights_skip_tracking":false,"_monsterinsights_sitenote_active":false,"_monsterinsights_sitenote_note":"","_monsterinsights_sitenote_category":0,"_uf_show_specific_survey":0,"_uf_disable_surveys":false,"footnotes":""},"categories":[150,109,157],"tags":[],"class_list":["post-4034","post","type-post","status-publish","format-standard","hentry","category-basquet-club-andorra-es","category-morabanc-andorra-es","category-patrocinadores"],"aioseo_notices":[],"_links":{"self":[{"href":"https:\/\/www.bca.ad\/es\/wp-json\/wp\/v2\/posts\/4034","targetHints":{"allow":["GET"]}}],"collection":[{"href":"https:\/\/www.bca.ad\/es\/wp-json\/wp\/v2\/posts"}],"about":[{"href":"https:\/\/www.bca.ad\/es\/wp-json\/wp\/v2\/types\/post"}],"author":[{"embeddable":true,"href":"https:\/\/www.bca.ad\/es\/wp-json\/wp\/v2\/users\/102"}],"replies":[{"embeddable":true,"href":"https:\/\/www.bca.ad\/es\/wp-json\/wp\/v2\/comments?post=4034"}],"version-history":[{"count":0,"href":"https:\/\/www.bca.ad\/es\/wp-json\/wp\/v2\/posts\/4034\/revisions"}],"wp:attachment":[{"href":"https:\/\/www.bca.ad\/es\/wp-json\/wp\/v2\/media?parent=4034"}],"wp:term":[{"taxonomy":"category","embeddable":true,"href":"https:\/\/www.bca.ad\/es\/wp-json\/wp\/v2\/categories?post=4034"},{"taxonomy":"post_tag","embeddable":true,"href":"https:\/\/www.bca.ad\/es\/wp-json\/wp\/v2\/tags?post=4034"}],"curies":[{"name":"wp","href":"https:\/\/api.w.org\/{rel}","templated":true}]}}