{"id":4148,"date":"2014-12-23T17:36:14","date_gmt":"2014-12-23T17:36:14","guid":{"rendered":"http:\/\/www.bca.ad\/joan-penarroya-ens-val-de-poc-guanyar-a-sevilla-si-diumenge-no-som-capacos-de-mantenir-la-concentracio-2\/"},"modified":"2014-12-23T17:37:28","modified_gmt":"2014-12-23T17:37:28","slug":"joan-penarroya-ens-val-de-poc-guanyar-a-sevilla-si-diumenge-no-som-capacos-de-mantenir-la-concentracio","status":"publish","type":"post","link":"https:\/\/www.bca.ad\/es\/joan-penarroya-ens-val-de-poc-guanyar-a-sevilla-si-diumenge-no-som-capacos-de-mantenir-la-concentracio\/","title":{"rendered":"Joan Pe\u00f1arroya: &#8220;Nos vale de poco ganar en Sevilla si el domingo no somos capaces de mantener la concentraci\u00f3n&#8221;"},"content":{"rendered":"<p>En una semana especial, con la fiesta de Navidad en el medio, el equipo contin\u00faa su preparaci\u00f3n para la pr\u00f3xima jornada. A pesar de los dos d\u00edas de fiesta para la plantilla, el equipo de Joan Pe\u00f1arroya no pierde la concentraci\u00f3n y quiere seguir enchufado despu\u00e9s de la importante victoria del pasado domingo en Sevilla.<\/p>\n<p>Como cada inicio de semana, el t\u00e9cnico Joan Pe\u00f1arroya ha analizado la actualidad de su equipo. Aqu\u00ed tienes parte de las declaraciones m\u00e1s destacadas:<\/p>\n<p><strong>Nueva Semana<\/strong><\/p>\n<p>&#8220;Encaramos una semana nueva, diferente, con las fiestas de Navidad en medio. Con el n\u00famero de sesiones habituales, eso s\u00ed. Con la incorporaci\u00f3n de Jawai, que ya entrena con normalidad y con la baja de Roman. Una semana en situaciones no normales pero con la idea de seguir sumando. Ahora pensando en nosotros y viernes pensar en el pr\u00f3ximo partido y el rival que ser\u00e1 el CAI\u201d.<\/p>\n<p>&#8220;Lo que tenemos que hacer bien, se prepara bien en una semana que venimos de ganar un partido. Nos vale de poco ganar si el domingo no somos capaces de mantener la concentraci\u00f3n de Sevilla. La semana tiene un volumen de sesiones importantes y el equipo llegar\u00e1 preparado\u201d.<\/p>\n<p><strong>Jawai, uno m\u00e1s de la plantilla<\/strong><\/p>\n<p>&#8220;Lo vemos con una gran predisposici\u00f3n y con ganas de incorporarse lo antes posible. Estamos hablando de un jugador con condiciones f\u00edsicas diferentes. Viene de estar lejos del nivel f\u00edsico que esperamos, creo que est\u00e1 a un nivel correcto\u201d.<\/p>\n<p>&#8220;Si tiene el transfer participar\u00e1 seguro. El estilo de juego no cambiar\u00e1. Como con todos los jugadores nos adaptaremos a las condiciones de los jugadores. Igual tenemos que ajustar algo con \u00e9l, pero nuestro estilo no cambiar\u00e1\u201d.<\/p>\n<p>&#8220;Todos tienen que dar un paso adelante. Si la llegada de Jawai nos da m\u00e1s competitividad bienvenido sea. Todos lo tenemos que hacer. Mejoraremos. Cuando m\u00e1s calidad en la cantera, m\u00e1s competitividad\u201d.<\/p>\n<p><strong>Marcha de Roman<\/strong><\/p>\n<p>&#8220;Aqu\u00ed hay dos partes. La del jugador y la del club. Ninguna de las dos podemos estar contentos. Estas cosas pasan. Siento ya que es mejor jugador de lo que ha demostrado los d\u00edas que ha estado aqu\u00ed. Un chico que trabaja y vive por el baloncesto pero que no le ha salido las cosas. Yo como t\u00e9cnico no he podido sacar el provecho que creo que tiene y que no ha podido demostrar\u201d.<\/p>\n<p><strong>Recuperaci\u00f3n Sada<\/strong><\/p>\n<p>&#8220;Cada d\u00eda encontr\u00e1ndose mejor. Trabajando fuerza. Evolucionando de forma positiva y esperamos que contin\u00fae as\u00ed y lo podamos tener en la pista lo antes posible\u201d.<\/p>\n<p><strong>Pr\u00f3ximo mes de Enero, primero el CAI<\/strong><\/p>\n<p>&#8220;Enero est\u00e1 muy lejos. Vamos a jugar el 28 y despu\u00e9s el del d\u00eda 4, el del 7, el del 10 &#8230; todos los partidos suman &#8220;.<\/p>\n","protected":false},"excerpt":{"rendered":"<p>En una semana especial, con la fiesta de Navidad en el medio, el equipo contin\u00faa su preparaci\u00f3n para la pr\u00f3xima jornada. A pesar de los dos d\u00edas de fiesta para la plantilla, el equipo de Joan Pe\u00f1arroya no pierde la concentraci\u00f3n y quiere seguir enchufado despu\u00e9s de la importante victoria del pasado domingo en Sevilla. [&hellip;]<\/p>\n","protected":false},"author":102,"featured_media":0,"comment_status":"open","ping_status":"closed","sticky":false,"template":"","format":"standard","meta":{"om_disable_all_campaigns":false,"inline_featured_image":false,"_monsterinsights_skip_tracking":false,"_monsterinsights_sitenote_active":false,"_monsterinsights_sitenote_note":"","_monsterinsights_sitenote_category":0,"_uf_show_specific_survey":0,"_uf_disable_surveys":false,"footnotes":""},"categories":[98],"tags":[],"class_list":["post-4148","post","type-post","status-publish","format-standard","hentry","category-noticia-es"],"aioseo_notices":[],"_links":{"self":[{"href":"https:\/\/www.bca.ad\/es\/wp-json\/wp\/v2\/posts\/4148","targetHints":{"allow":["GET"]}}],"collection":[{"href":"https:\/\/www.bca.ad\/es\/wp-json\/wp\/v2\/posts"}],"about":[{"href":"https:\/\/www.bca.ad\/es\/wp-json\/wp\/v2\/types\/post"}],"author":[{"embeddable":true,"href":"https:\/\/www.bca.ad\/es\/wp-json\/wp\/v2\/users\/102"}],"replies":[{"embeddable":true,"href":"https:\/\/www.bca.ad\/es\/wp-json\/wp\/v2\/comments?post=4148"}],"version-history":[{"count":0,"href":"https:\/\/www.bca.ad\/es\/wp-json\/wp\/v2\/posts\/4148\/revisions"}],"wp:attachment":[{"href":"https:\/\/www.bca.ad\/es\/wp-json\/wp\/v2\/media?parent=4148"}],"wp:term":[{"taxonomy":"category","embeddable":true,"href":"https:\/\/www.bca.ad\/es\/wp-json\/wp\/v2\/categories?post=4148"},{"taxonomy":"post_tag","embeddable":true,"href":"https:\/\/www.bca.ad\/es\/wp-json\/wp\/v2\/tags?post=4148"}],"curies":[{"name":"wp","href":"https:\/\/api.w.org\/{rel}","templated":true}]}}