{"id":4308,"date":"2015-01-06T09:49:23","date_gmt":"2015-01-06T09:49:23","guid":{"rendered":"http:\/\/www.bca.ad\/victor-sada-regal-de-reis-2\/"},"modified":"2015-01-06T10:41:50","modified_gmt":"2015-01-06T10:41:50","slug":"victor-sada-regal-de-reis","status":"publish","type":"post","link":"https:\/\/www.bca.ad\/es\/victor-sada-regal-de-reis\/","title":{"rendered":"V\u00edctor Sada, regalo de Reyes"},"content":{"rendered":"<p>El base V\u00edctor Sada tiene el alta y estar\u00e1 entre los convocados para el partido de ma\u00f1ana en la pista del Movistar Estudiantes. El jugador ha completado una recuperaci\u00f3n sorprendente de la operaci\u00f3n de hernia discal lumbar en la que fue sometido batiendo las expectativas de rehabilitaci\u00f3n en un mes. El d\u00eda 10 har\u00e1 dos meses que le operaron.<\/p>\n<p>Sada jug\u00f3 los dos primeros partidos de liga con el MoraBanc Andorra, en la pista del Unicaja y en casa contra el Bilbao, y justo antes del partido contra cielo Laboral Kutxa caus\u00f3 baja por estar enganchado de la espalda. El equipo de Joan Pe\u00f1arroya, por tanto, ha disputado pr\u00e1cticamente toda la liga hasta ahora sin uno de los jugadores llamados a ser un referente y co-capit\u00e0n con Marc Blanch.<\/p>\n<p>El, doctor Sergi Francisco, el traumat\u00f3logo del club, manifest\u00f3 que &#8220;la recuperaci\u00f3n ha ido m\u00e1s r\u00e1pido de lo que esper\u00e1bamos&#8221; y a\u00f1adi\u00f3 que &#8220;despu\u00e9s de comprobar que ha desaparecido el dolor de ci\u00e1tica y que los puntos han cicatrizado perfectamente, el jugador ha hecho un gran trabajo con el preparador f\u00edsico Miguel \u00c1ngel Rodellar para ponerse a punto &#8220;.<\/p>\n<p>V\u00edctor Sada estar\u00e1 a disposici\u00f3n del t\u00e9cnico en la mini gira de esta semana (Madrid y Santiago de Compostela) y debutar\u00e1 en casa el 18 de enero contra su equipo de siempre, el FC Barcelona.<\/p>\n","protected":false},"excerpt":{"rendered":"<p>El base V\u00edctor Sada tiene el alta y estar\u00e1 entre los convocados para el partido de ma\u00f1ana en la pista del Movistar Estudiantes. El jugador ha completado una recuperaci\u00f3n sorprendente de la operaci\u00f3n de hernia discal lumbar en la que fue sometido batiendo las expectativas de rehabilitaci\u00f3n en un mes. El d\u00eda 10 har\u00e1 dos [&hellip;]<\/p>\n","protected":false},"author":102,"featured_media":0,"comment_status":"open","ping_status":"closed","sticky":false,"template":"","format":"standard","meta":{"om_disable_all_campaigns":false,"inline_featured_image":false,"_monsterinsights_skip_tracking":false,"_monsterinsights_sitenote_active":false,"_monsterinsights_sitenote_note":"","_monsterinsights_sitenote_category":0,"_uf_show_specific_survey":0,"_uf_disable_surveys":false,"footnotes":""},"categories":[150,109,157],"tags":[152,325,239,170,180,243,221,240,163,326],"class_list":["post-4308","post","type-post","status-publish","format-standard","hentry","category-basquet-club-andorra-es","category-morabanc-andorra-es","category-patrocinadores","tag-acb-es","tag-acbandorra-es","tag-francesc-solana-ca-es","tag-gorka-aixas","tag-gorka-aixas-es","tag-liga-endesa-es","tag-morabanc-andorra-ca","tag-morabanc-andorra-ca-ca-es","tag-penarroya-es","tag-sada-es"],"aioseo_notices":[],"_links":{"self":[{"href":"https:\/\/www.bca.ad\/es\/wp-json\/wp\/v2\/posts\/4308","targetHints":{"allow":["GET"]}}],"collection":[{"href":"https:\/\/www.bca.ad\/es\/wp-json\/wp\/v2\/posts"}],"about":[{"href":"https:\/\/www.bca.ad\/es\/wp-json\/wp\/v2\/types\/post"}],"author":[{"embeddable":true,"href":"https:\/\/www.bca.ad\/es\/wp-json\/wp\/v2\/users\/102"}],"replies":[{"embeddable":true,"href":"https:\/\/www.bca.ad\/es\/wp-json\/wp\/v2\/comments?post=4308"}],"version-history":[{"count":0,"href":"https:\/\/www.bca.ad\/es\/wp-json\/wp\/v2\/posts\/4308\/revisions"}],"wp:attachment":[{"href":"https:\/\/www.bca.ad\/es\/wp-json\/wp\/v2\/media?parent=4308"}],"wp:term":[{"taxonomy":"category","embeddable":true,"href":"https:\/\/www.bca.ad\/es\/wp-json\/wp\/v2\/categories?post=4308"},{"taxonomy":"post_tag","embeddable":true,"href":"https:\/\/www.bca.ad\/es\/wp-json\/wp\/v2\/tags?post=4308"}],"curies":[{"name":"wp","href":"https:\/\/api.w.org\/{rel}","templated":true}]}}