{"id":5223,"date":"2015-05-28T15:30:25","date_gmt":"2015-05-28T15:30:25","guid":{"rendered":"http:\/\/www.bca.ad\/joan-penarroya-la-linia-entre-lexit-i-el-fracas-es-molt-prima-2\/"},"modified":"2015-05-28T15:31:39","modified_gmt":"2015-05-28T15:31:39","slug":"joan-penarroya-la-linia-entre-lexit-i-el-fracas-es-molt-prima","status":"publish","type":"post","link":"https:\/\/www.bca.ad\/es\/joan-penarroya-la-linia-entre-lexit-i-el-fracas-es-molt-prima\/","title":{"rendered":"Joan Pe\u00f1arroya: &#8220;La linea entre el \u00e9xito y el fracaso es muy fina&#8221;"},"content":{"rendered":"<p>&#8220;La l\u00ednea entre el \u00e9xito y el fracaso es muy fina y esta temporada lo hemos podido ver perfectamente, no ha sido una temporada f\u00e1cil y podemos estar satisfechos de c\u00f3mo la hemos acabado&#8221;. Esta ser\u00eda una de las frases m\u00e1s interesantes de la Rueda de prensa de balance de la temporada que ha hecho esta tarde el t\u00e9cnico del MoraBanc Andorra, Joan Pe\u00f1arroya. Arranca la fase de reflexi\u00f3n &#8220;ahora tendremos que hacer el an\u00e1lisis de c\u00f3mo ha ido todo con el Francisco Solana, tenemos m\u00e1s tiempo que el a\u00f1o pasado para ponernos a trabajar&#8221; manifest\u00f3 el t\u00e9cnico.<br \/>\nPe\u00f1arroya ha comparecido ante los medios por \u00faltima vez en el ejercicio 2014-15, es la rueda de prensa n\u00famero 89 que hace desde el mes de septiembre. Volver la vista atr\u00e1s ha permitido hoy al t\u00e9cnico aportar una visi\u00f3n ponderada de los peores momentos de la temporada &#8220;estuvimos en una espiral peligrosa los meses de enero y febrero, cuando acumulamos 8 derrotas consecutivas pero en el club seguimos confiando en nuestro trabajo y al final las cosas han salido bien &#8220;. Pe\u00f1arroya no centra \u00fanicamente en la llegada de incorporaciones como Bogdanovic, Stojanovski o Jawai la reacci\u00f3n despu\u00e9s de la Copa del Rey, &#8220;cambiamos algunos de los roles del equipo, hicimos algunas intervenciones que nos salieron bien y conseguimos ser un equipo mejor, m\u00e1s s\u00f3lido &#8220;.<br \/>\nEl entrenador se mostr\u00f3 contento &#8220;por haber competido con todo el mundo&#8221; y destac\u00f3 que despu\u00e9s de muchas temporadas ganadoras &#8220;nos ha tocado aprender a convivir con la derrota, aunque antes de empezar ya \u00e9ramos conscientes de que no ser\u00eda f\u00e1cil &#8220;. Los periodistas han puesto el t\u00e9cnico en la tesitura de elegir el mejor y el peor momento de la liga, y no ha habido muchas dudas &#8220;el peor momento fue el partido que perdemos en casa contra el Gipuzkoa porque lleg\u00f3 a parecer que el proyecto pod\u00eda tambalearse y el mejor el d\u00eda que conseguimos la permanencia aqu\u00ed con nuestra gente contra el Sevilla &#8220;.<br \/>\nEl crecimiento social del baloncesto en el pa\u00eds es &#8220;uno de los elementos de los que estamos m\u00e1s satisfechos, jugamos para la gente y ver a tanta gente en el polideportivo cada dos semanas nos pone muy contentos&#8221;. Sobre los movimientos que se puedan hacer en el mercado, la respuesta ha sido clara: &#8220;el verano ser\u00e1 largo, hay un margen de un mes para empezar a hacer movimientos&#8221;.<br \/>\n\u00daltima rueda de prensa, la siguiente ya ser\u00e1 para hablar de otra temporada, con nuevas ilusiones, seguro que con nuevos jugadores pero que seguro que ya no ser\u00e1 la primera, la del regreso a la \u00e9lite tras una larga pausa de 18 a\u00f1os.<\/p>\n","protected":false},"excerpt":{"rendered":"<p>&#8220;La l\u00ednea entre el \u00e9xito y el fracaso es muy fina y esta temporada lo hemos podido ver perfectamente, no ha sido una temporada f\u00e1cil y podemos estar satisfechos de c\u00f3mo la hemos acabado&#8221;. Esta ser\u00eda una de las frases m\u00e1s interesantes de la Rueda de prensa de balance de la temporada que ha hecho [&hellip;]<\/p>\n","protected":false},"author":102,"featured_media":0,"comment_status":"open","ping_status":"closed","sticky":false,"template":"","format":"standard","meta":{"om_disable_all_campaigns":false,"inline_featured_image":false,"_monsterinsights_skip_tracking":false,"_monsterinsights_sitenote_active":false,"_monsterinsights_sitenote_note":"","_monsterinsights_sitenote_category":0,"_uf_show_specific_survey":0,"_uf_disable_surveys":false,"footnotes":""},"categories":[150,109,157],"tags":[152,325,174,177,210,521,163],"class_list":["post-5223","post","type-post","status-publish","format-standard","hentry","category-basquet-club-andorra-es","category-morabanc-andorra-es","category-patrocinadores","tag-acb-es","tag-acbandorra-es","tag-francesc-solana","tag-joan-penarroya-es","tag-morabanc-andorra-es","tag-morabanc-andorra-es2","tag-penarroya-es"],"aioseo_notices":[],"_links":{"self":[{"href":"https:\/\/www.bca.ad\/es\/wp-json\/wp\/v2\/posts\/5223","targetHints":{"allow":["GET"]}}],"collection":[{"href":"https:\/\/www.bca.ad\/es\/wp-json\/wp\/v2\/posts"}],"about":[{"href":"https:\/\/www.bca.ad\/es\/wp-json\/wp\/v2\/types\/post"}],"author":[{"embeddable":true,"href":"https:\/\/www.bca.ad\/es\/wp-json\/wp\/v2\/users\/102"}],"replies":[{"embeddable":true,"href":"https:\/\/www.bca.ad\/es\/wp-json\/wp\/v2\/comments?post=5223"}],"version-history":[{"count":0,"href":"https:\/\/www.bca.ad\/es\/wp-json\/wp\/v2\/posts\/5223\/revisions"}],"wp:attachment":[{"href":"https:\/\/www.bca.ad\/es\/wp-json\/wp\/v2\/media?parent=5223"}],"wp:term":[{"taxonomy":"category","embeddable":true,"href":"https:\/\/www.bca.ad\/es\/wp-json\/wp\/v2\/categories?post=5223"},{"taxonomy":"post_tag","embeddable":true,"href":"https:\/\/www.bca.ad\/es\/wp-json\/wp\/v2\/tags?post=5223"}],"curies":[{"name":"wp","href":"https:\/\/api.w.org\/{rel}","templated":true}]}}