{"id":5375,"date":"2015-07-06T10:48:54","date_gmt":"2015-07-06T10:48:54","guid":{"rendered":"http:\/\/www.bca.ad\/?p=5375"},"modified":"2015-07-06T10:48:54","modified_gmt":"2015-07-06T10:48:54","slug":"schreiner-o-el-austriaco-que-siempre-mejora","status":"publish","type":"post","link":"https:\/\/www.bca.ad\/es\/schreiner-o-el-austriaco-que-siempre-mejora\/","title":{"rendered":"Schreiner, o el austriaco que siempre mejora"},"content":{"rendered":"<p>&#8220;Par\u00e9 s\u00f3lo dos semanas, desde entonces estoy entrenando intensamente siguiendo el plan de Miguel \u00c1ngel Rodellar&#8221; comenta con una sonrisa desde Sant Polkten, su ciudad, el base Thomas Schreiner. El director de juego austriaco tuvo un debut impactante en la liga Endesa y s\u00f3lo tiene un objetivo para el futuro: mejorar. Una conversaci\u00f3n sobre el futuro con \u00e9l deja claro que el prop\u00f3sito de la pr\u00f3xima temporada debe ser hacer mejor las cosas en todos los sentidos.<\/p>\n<p><strong>Equipo<\/strong><\/p>\n<p>&#8220;Tenemos que intentar ganar todos los partidos, como hicimos la temporada pasada, pero nuestro objetivo debe ser ganar m\u00e1s partidos de los que ganamos&#8221;.<\/p>\n<p><strong>Personalmente<\/strong><\/p>\n<p>&#8220;Fue dif\u00edcil llegar a una liga nueva, era una gran oportunidad para m\u00ed. Creo que puedo hacer las cosas a\u00fan mejor. Mi intenci\u00f3n es ser un jugador m\u00e1s s\u00f3lido &#8220;.<\/p>\n<p><strong>Trabajo duro<\/strong><\/p>\n<p>&#8220;Entreno estos d\u00edas porque hay muchos aspectos de mi juego que necesito mejorar. Quiero estar lo mejor posible f\u00edsicamente. Como dec\u00eda, mi intenci\u00f3n es ser cada vez m\u00e1s un jugador s\u00f3lido en la liga Endesa &#8220;.<\/p>\n<p><strong>Afici\u00f3n\u00a0en la Bombonera.<\/strong><\/p>\n<p>&#8220;Desde que llegu\u00e9 (lleva tres temporadas en el club) las cosas han ido mejorando mucho. Al principio \u00e9ramos 600 espectadores y ahora siempre hay m\u00e1s de 3000. Cada a\u00f1o mejoramos. Tambi\u00e9n en esto debemos aspirar a mejorar cada vez m\u00e1s &#8220;.<\/p>\n<p><strong>Popular en su pa\u00eds?<\/strong><\/p>\n<p>&#8220;Ahora me hacen alguna entrevista m\u00e1s para que en verano no hay esqu\u00ed (risas), quiz\u00e1s en mi ciudad soy un poco conocido pero en mi pa\u00eds no mucho. Creo que soy m\u00e1s conocido en Andorra que en mi pa\u00eds. Esto est\u00e1 bien o mal? (Risas) &#8220;.<\/p>\n<p><strong>Selecci\u00f3n de Austria<\/strong><\/p>\n<p>&#8220;Este verano no tengo competici\u00f3n oficial con Austria, s\u00f3lo jugaremos algunos amistosos&#8221;.<\/p>\n<p>Estas son las manifestaciones de uno de los jugadores importantes en la pista y en el vestuario del MoraBanc Andorra, Thomas Schreiner, que vivir\u00e1 su cuarta temporada en el Principado a las \u00f3rdenes de Joan Pe\u00f1arroya.<\/p>\n","protected":false},"excerpt":{"rendered":"<p>&#8220;Par\u00e9 s\u00f3lo dos semanas, desde entonces estoy entrenando intensamente siguiendo el plan de Miguel \u00c1ngel Rodellar&#8221; comenta con una sonrisa desde Sant Polkten, su ciudad, el base Thomas Schreiner. El director de juego austriaco tuvo un debut impactante en la liga Endesa y s\u00f3lo tiene un objetivo para el futuro: mejorar. Una conversaci\u00f3n sobre el [&hellip;]<\/p>\n","protected":false},"author":102,"featured_media":0,"comment_status":"open","ping_status":"closed","sticky":false,"template":"","format":"standard","meta":{"om_disable_all_campaigns":false,"inline_featured_image":false,"_monsterinsights_skip_tracking":false,"_monsterinsights_sitenote_active":false,"_monsterinsights_sitenote_note":"","_monsterinsights_sitenote_category":0,"_uf_show_specific_survey":0,"_uf_disable_surveys":false,"footnotes":""},"categories":[150,109],"tags":[325,174,177,243,210,521,246],"class_list":["post-5375","post","type-post","status-publish","format-standard","hentry","category-basquet-club-andorra-es","category-morabanc-andorra-es","tag-acbandorra-es","tag-francesc-solana","tag-joan-penarroya-es","tag-liga-endesa-es","tag-morabanc-andorra-es","tag-morabanc-andorra-es2","tag-thomas-schreiner-es"],"aioseo_notices":[],"_links":{"self":[{"href":"https:\/\/www.bca.ad\/es\/wp-json\/wp\/v2\/posts\/5375","targetHints":{"allow":["GET"]}}],"collection":[{"href":"https:\/\/www.bca.ad\/es\/wp-json\/wp\/v2\/posts"}],"about":[{"href":"https:\/\/www.bca.ad\/es\/wp-json\/wp\/v2\/types\/post"}],"author":[{"embeddable":true,"href":"https:\/\/www.bca.ad\/es\/wp-json\/wp\/v2\/users\/102"}],"replies":[{"embeddable":true,"href":"https:\/\/www.bca.ad\/es\/wp-json\/wp\/v2\/comments?post=5375"}],"version-history":[{"count":0,"href":"https:\/\/www.bca.ad\/es\/wp-json\/wp\/v2\/posts\/5375\/revisions"}],"wp:attachment":[{"href":"https:\/\/www.bca.ad\/es\/wp-json\/wp\/v2\/media?parent=5375"}],"wp:term":[{"taxonomy":"category","embeddable":true,"href":"https:\/\/www.bca.ad\/es\/wp-json\/wp\/v2\/categories?post=5375"},{"taxonomy":"post_tag","embeddable":true,"href":"https:\/\/www.bca.ad\/es\/wp-json\/wp\/v2\/tags?post=5375"}],"curies":[{"name":"wp","href":"https:\/\/api.w.org\/{rel}","templated":true}]}}