{"id":5559,"date":"2015-08-31T17:03:47","date_gmt":"2015-08-31T17:03:47","guid":{"rendered":"http:\/\/www.bca.ad\/sada-com-diu-el-cholo-simeone-hem-danar-partit-a-partit-2\/"},"modified":"2015-09-01T11:42:19","modified_gmt":"2015-09-01T11:42:19","slug":"sada-com-diu-el-cholo-simeone-hem-danar-partit-a-partit","status":"publish","type":"post","link":"https:\/\/www.bca.ad\/es\/sada-com-diu-el-cholo-simeone-hem-danar-partit-a-partit\/","title":{"rendered":"Sada: &#8220;como dice el Cholo Simeone, hay que ir partido a partido&#8221;"},"content":{"rendered":"<p>V\u00edctor Sada volver\u00e1 a ser el capit\u00e1n del Bc MoraBanc Andorra esta temporada. El base badalon\u00e9s asumir\u00e1 las tareas en solitario despu\u00e9s de haberlas compartido pasa ejercicio con Marc Blanch. El segundo capit\u00e1n ser\u00e1 Thomas Schreiner.<br \/>\nSada ha mostrado c\u00f3modo y desenvuelto ante la prensa en la rueda de prensa que se ha celebrado esta tarde en el Art Hotel de Andorra la Vella y en la que ha quedado claro que la temporada pasada fue un aprendizaje para el club que ofrece m\u00e1s garant\u00edas para esta temporada.<\/p>\n<p><strong>M\u00e1s experiencia<\/strong><\/p>\n<p>&#8220;En todos los niveles del club este a\u00f1o de experiencia se notar\u00e1 en positivo y tambi\u00e9n en el equipo. Todo el mundo sabe lo que tiene que hacer e intentar\u00e1 hacerlo mejor. Contamos con la misma ilusi\u00f3n o m\u00e1s y con la ventaja de conocernos mejor, sobre todo los jugadores de la parte exterior. Dentro hemos fichado a Shermadini y Daniel Clark que son jugadores expertos &#8221;<\/p>\n<p><strong>Sin factor sorpresa?<\/strong><\/p>\n<p>&#8220;El factor sorpresa nos pod\u00eda ayudar el a\u00f1o pasado y ahora nos conocer\u00e1n m\u00e1s para estudiar, por ejemplo la idea de Joan Pe\u00f1arroya de correr y jugar muy libre pero de la misma manera nosotros tambi\u00e9n estudiaremos al resto y los jugaremos de t\u00fa a t\u00fa &#8221;<\/p>\n<p><strong>Equipo<\/strong><\/p>\n<p>&#8220;Siempre digo que los nombres no hacen el equipo, es el equipo de verdad lo que se acaba haciendo. Por muchos nombres y buenos jugadores que tengas, si no haces un equipo dentro del vestuario en los momentos dif\u00edciles no sirve de nada. Un ejemplo ser\u00eda la temporada pasada. Si es cierto que este verano Francisco Solana y Joan Pe\u00f1arroya han hecho buen trabajo y esperamos que ahora se refleje en buen juego y buenos resultados &#8221;<\/p>\n<p><strong>Calendario<\/strong><\/p>\n<p>&#8220;A ver si sale ya el calendario, los aficionados lo est\u00e1n esperando. En principio es mejor una liga de 18 que de 19 pero debemos defender que alguien por m\u00e9ritos propios, como el Ourense, est\u00e9 en la ACB y que no sea una liga cerrada como la NBA. Luchar por los t\u00edtulos, la copa o no bajar es la gracia. El Ourense lo merece aunque no s\u00e9 c\u00f3mo va el tema de papeleo .no soy quien para decir lo que hay que hacer &#8221;<\/p>\n<p><strong>Personalmente<\/strong><\/p>\n<p>&#8220;Trabajo para estar bien f\u00edsicanente y poder tener m\u00e1s regularidad. La temporada pasada me sent\u00ed muy bien los \u00faltimos tres meses y el primero. Estoy convencido de que lo conseguir\u00e9 &#8221;<\/p>\n<p><strong>M\u00e1s victorias?<\/strong><\/p>\n<p>&#8220;El Simeone ha hecho filosof\u00eda de vida. Hay que ir partido a partido y no hay nada m\u00e1s, si no caes en que si vas muy bien te relajas y si no puedes caer en la frustraci\u00f3n &#8220;<\/p>\n","protected":false},"excerpt":{"rendered":"<p>V\u00edctor Sada volver\u00e1 a ser el capit\u00e1n del Bc MoraBanc Andorra esta temporada. El base badalon\u00e9s asumir\u00e1 las tareas en solitario despu\u00e9s de haberlas compartido pasa ejercicio con Marc Blanch. El segundo capit\u00e1n ser\u00e1 Thomas Schreiner. Sada ha mostrado c\u00f3modo y desenvuelto ante la prensa en la rueda de prensa que se ha celebrado esta [&hellip;]<\/p>\n","protected":false},"author":102,"featured_media":0,"comment_status":"open","ping_status":"closed","sticky":false,"template":"","format":"standard","meta":{"om_disable_all_campaigns":false,"inline_featured_image":false,"_monsterinsights_skip_tracking":false,"_monsterinsights_sitenote_active":false,"_monsterinsights_sitenote_note":"","_monsterinsights_sitenote_category":0,"_uf_show_specific_survey":0,"_uf_disable_surveys":false,"footnotes":""},"categories":[150,109],"tags":[152,325,174,177,243,210,521,163,326,384],"class_list":["post-5559","post","type-post","status-publish","format-standard","hentry","category-basquet-club-andorra-es","category-morabanc-andorra-es","tag-acb-es","tag-acbandorra-es","tag-francesc-solana","tag-joan-penarroya-es","tag-liga-endesa-es","tag-morabanc-andorra-es","tag-morabanc-andorra-es2","tag-penarroya-es","tag-sada-es","tag-schreiner-es"],"aioseo_notices":[],"_links":{"self":[{"href":"https:\/\/www.bca.ad\/es\/wp-json\/wp\/v2\/posts\/5559","targetHints":{"allow":["GET"]}}],"collection":[{"href":"https:\/\/www.bca.ad\/es\/wp-json\/wp\/v2\/posts"}],"about":[{"href":"https:\/\/www.bca.ad\/es\/wp-json\/wp\/v2\/types\/post"}],"author":[{"embeddable":true,"href":"https:\/\/www.bca.ad\/es\/wp-json\/wp\/v2\/users\/102"}],"replies":[{"embeddable":true,"href":"https:\/\/www.bca.ad\/es\/wp-json\/wp\/v2\/comments?post=5559"}],"version-history":[{"count":0,"href":"https:\/\/www.bca.ad\/es\/wp-json\/wp\/v2\/posts\/5559\/revisions"}],"wp:attachment":[{"href":"https:\/\/www.bca.ad\/es\/wp-json\/wp\/v2\/media?parent=5559"}],"wp:term":[{"taxonomy":"category","embeddable":true,"href":"https:\/\/www.bca.ad\/es\/wp-json\/wp\/v2\/categories?post=5559"},{"taxonomy":"post_tag","embeddable":true,"href":"https:\/\/www.bca.ad\/es\/wp-json\/wp\/v2\/tags?post=5559"}],"curies":[{"name":"wp","href":"https:\/\/api.w.org\/{rel}","templated":true}]}}