{"id":7865,"date":"2016-06-27T10:57:10","date_gmt":"2016-06-27T10:57:10","guid":{"rendered":"http:\/\/www.bca.ad\/albicy-em-lliuro-a-la-pista-sempre-vaig-al-100\/?lang=es"},"modified":"2016-06-27T10:59:37","modified_gmt":"2016-06-27T10:59:37","slug":"albicy-em-lliuro-a-la-pista-sempre-vaig-al-100","status":"publish","type":"post","link":"https:\/\/www.bca.ad\/es\/albicy-em-lliuro-a-la-pista-sempre-vaig-al-100\/","title":{"rendered":"Albicy: &#8220;me entrego en la pista, sempre voy al 100%&#8221;"},"content":{"rendered":"<p><strong><span style=\"color: #000000; font-family: Calibri;\">&#8220;S\u00e9 que tengo el nivel para jugar en la liga ACB y lo que espero por mi parte es confirmarlo. <\/span><span style=\"font-family: Calibri;\"><span title=\"Per mi \u00e9s el millor campionat d\u2019Europa i tinc ganes de formar part del grup de jugadors que tenen nivell ACB\u201d.\n\"><span style=\"color: #000000;\">Para m\u00ed es el mejor campeonato de Europa y tengo ganas de formar parte del grupo de jugadores que tienen nivel ACB &#8220;.<\/span><\/span><\/span><\/strong><\/p>\n<p><span style=\"font-family: Calibri;\"><span title=\"Per mi \u00e9s el millor campionat d\u2019Europa i tinc ganes de formar part del grup de jugadors que tenen nivell ACB\u201d.\n\"><span style=\"color: #000000;\"><br \/>\n<\/span> <\/span><span style=\"color: #000000;\"><span title=\"Determinaci\u00f3 m\u00e0xima i gana per fer les coses b\u00e9 i tenir una gran carrera a la LLiga Endesa.\">Determinaci\u00f3n m\u00e1xima y hambre para hacer las cosas bien y tener una gran carrera en la Liga Endesa. <\/span><span title=\"Aquest \u00e9s el resum de les paraules d\u2019Andrew Albiciy referint-se a l\u2019etapa que est\u00e0 a punt de comen\u00e7ar com a nou director de joc del MoraBanc Andorra.\">Este es el resumen de las palabras de Andrew Albiciy refiri\u00e9ndose a la etapa que est\u00e1 a punto de comenzar como nuevo director de juego del MoraBanc Andorra. <\/span><span title=\"En paraules a www.bca.ad, l\u2019internacional franc\u00e9s ha explicat que \u201cestic amb moltes ganes de comen\u00e7ar a treballar i molt agra\u00eft a l\u2019Andorra de donar-me aquesta oportunitat de comen\u00e7ar una nova etapa en la meva carrera\u201d.\">En palabras a www.bca.ad, el internacional franc\u00e9s ha explicado que &#8220;estoy con muchas ganas de empezar a trabajar y <strong>muy agradecido al Andorra de darme esta oportunidad de comenzar una nueva etapa en mi carrera<\/strong>&#8220;. <\/span><span title=\"Albicy, que no t\u00e9 inconvenient en recon\u00e8ixer que \u201cla meva idea era fer aquest pas abans\u201d es descriu com un jugador que \u201cabans que res prefereixo ajudar els meus companys a anotar que fer-ho jo mateix i s\u00f3c alg\u00fa que sempre em lliuro sempre\">Albicy, que no tiene inconveniente en reconocer que &#8220;mi idea era dar este paso antes&#8221; se describe como un jugador que &#8220;ante todo prefiero ayudar a mis compa\u00f1eros a anotar que hacerlo yo mismo y soy alguien que siempre me entrego <\/span><\/span><\/span><span style=\"font-family: Calibri;\"><span title=\"al 100%, mai al 50, i tamb\u00e9 crec que s\u00f3c un jugador que s'esfor\u00e7a al m\u00e0xim en defensa mostrant el cam\u00ed si cal als meus companys d'equip\u201d.\n\"><span style=\"color: #000000;\">al 100%, m\u00e1s al 50, y tambi\u00e9n creo que soy un jugador que se esfuerza al m\u00e1ximo en defensa mostrando el camino si es necesario a mis compa\u00f1eros de equipo &#8220;<\/span><\/span><\/span><\/p>\n<p><span style=\"font-family: Calibri;\"><span title=\"al 100%, mai al 50, i tamb\u00e9 crec que s\u00f3c un jugador que s'esfor\u00e7a al m\u00e0xim en defensa mostrant el cam\u00ed si cal als meus companys d'equip\u201d.\n\"><span style=\"color: #000000;\">.<br \/>\n<\/span> <\/span><span style=\"color: #000000;\"><span title=\"Albiciy no s\u2019amaga \u201cjo el que sempre intento \u00e9s guanyar, aix\u00f2 \u00e9s el m\u00e9s important\u201d subratllant un dels elements que tots els experts en b\u00e0squet francesos destaquen de la seva aportaci\u00f3.\">Albiciy no se esconde &#8220;<strong>yo lo que siempre intento es ganar, eso es lo m\u00e1s importante<\/strong>&#8221; subrayando uno de los elementos que todos los expertos en baloncesto franceses destacan de su aportaci\u00f3n, su ambici\u00f3n en pista. <\/span><span title=\"Tant al Gravelllines actualment com en etapes precedents a Paris o a la selecci\u00f3 nacional.\">Tanto el Gravelllines actualmente como en etapas precedentes en Paris o en la selecci\u00f3n nacional. <\/span><span title=\"A banda d\u2019aix\u00f2, el nou base tricolor ja filtra als seguidors de la BMB que s\u2019ho passaran b\u00e9 \u201cm\u2019agrada el joc r\u00e0pid, que ataquem ja des de la primera opci\u00f3.\">Aparte de eso, el nuevo base tricolor ya filtra a los seguidores de la BMB que lo pasar\u00e1n bien &#8220;me gusta el juego r\u00e1pido, que ataquemos ya desde la primera opci\u00f3n. <\/span><\/span><\/span><span style=\"font-family: Calibri;\"><span title=\"Aix\u00ed he jugat sempre ens els equips que he estat i em va b\u00e9 perqu\u00e8 s\u00f3c un jugador r\u00e0pid\u201d.\n\"><span style=\"color: #000000;\">As\u00ed he jugado siempre en los equipos que he estado y me va bien porque soy un jugador r\u00e1pido &#8220;.<\/span><\/span><\/span><\/p>\n<p><span style=\"font-family: Calibri;\"><span title=\"Aix\u00ed he jugat sempre ens els equips que he estat i em va b\u00e9 perqu\u00e8 s\u00f3c un jugador r\u00e0pid\u201d.\n\"><span style=\"color: #000000;\"><br \/>\n<\/span> <\/span><span style=\"color: #000000;\"><span title=\"Sobre les grans carreres de compatriotes seus que tamb\u00e9 son bases i van tenir o encara tenen la lliga Endesa en el seu recorregut, com Diot, Heurtel o De Colo, Albiciy no els vol agafar com una refer\u00e8ncia \u201cno vull seguir els passos de ning\u00fa,\">Sobre las grandes carreras de compatriotas suyos que tambi\u00e9n son bases y tuvieron o a\u00fan tienen la liga Endesa en su recorrido, como Diot, Heurtel o De Colo, Albiciy no los quiere tomar como una referencia <strong>&#8220;no quiero seguir los pasos de nadie, <\/strong><\/span><span title=\"tinc ganes de fer el meu propi cam\u00ed.\"><strong>tengo ganas de hacer mi propio camino<\/strong>. <\/span><span title=\"\u00c9s cert que hi ha jugadors com Nando o Antoine que estan fent coses molt importants en equips grans.\">Es cierto que hay jugadores como Nando o Antoine que est\u00e1n haciendo cosas muy importantes en equipos grandes. <\/span><\/span><\/span><span style=\"font-family: Calibri;\"><span title=\"Jo ara comen\u00e7o per un equip en el que crec que puc destacar molt en aquest campionat\u201d.\n\"><span style=\"color: #000000;\">Yo ahora empiezo por un equipo en el que creo que puedo destacar mucho en este campeonato &#8220;.<\/span><\/span><\/span><\/p>\n<p><span style=\"font-family: Calibri;\"><span title=\"Jo ara comen\u00e7o per un equip en el que crec que puc destacar molt en aquest campionat\u201d.\n\"><span style=\"color: #000000;\"><br \/>\n<\/span> <\/span><span style=\"color: #000000;\"><span title=\"Sobre els seus jugadors favorits a la competici\u00f3, Andrew Albiciy no dubta, \u201cm\u2019agrada molt Sergio Lull que crec que ara mateix \u00e9s un dels millors jugadors del m\u00f3n i que podria jugar perfectament a l\u2019NBA i prefereix jugar a Europa.\">Sobre sus jugadores favoritos en la competici\u00f3n, Andrew Albiciy no duda, &#8220;me gusta mucho Sergio Lull que creo que ahora mismo es uno de los mejores jugadores del mundo y que podr\u00eda jugar perfectamente en la NBA y prefiere jugar en Europa. <\/span><span title=\"Sergio Rodr\u00edguez crec que ara \u00e9s el millor base de l\u2019ACB i tamb\u00e9 Juan Carlos Navarro a qui tothom coneix, que \u00e9s un gran jugador, i que mostra sempre que encara est\u00e0 al nivell.\">Sergio Rodr\u00edguez creo que ahora es el mejor base de la ACB y tambi\u00e9n Juan Carlos Navarro a quien todo el mundo conoce, que es un gran jugador, y que muestra siempre que todav\u00eda est\u00e1 al nivel. <\/span><\/span><\/span><span style=\"font-family: Calibri;\"><span title=\"Son jugadors que miro juga&lt;r des de petit i ara per mi ser\u00e0 un plaer enfrontar-m\u2019hi despr\u00e9s d\u2019haver-ho fet ja al campionat del m\u00f3n\u201d.\n\"><span style=\"color: #000000;\">Son jugadores que miro jugar desde peque\u00f1o y ahora para m\u00ed ser\u00e1 un placer enfrentarme a \u00e9l despu\u00e9s de haberlo hecho ya en el campeonato del mundo &#8220;.<br \/>\n<\/span> <\/span><\/span><\/p>\n<p><span style=\"font-family: Calibri;\"><span title=\"Andrew Albiciy viur\u00e0 la seva primera experi\u00e8ncia fora de Fran\u00e7a amb el MoraBanc Anforra.\"><span style=\"color: #000000;\">Andrew Albiciy vivir\u00e1 su primera experiencia fuera de Francia con el MoraBanc Andorra.<\/span><\/span><\/span><\/p>\n<p>&nbsp;<\/p>\n","protected":false},"excerpt":{"rendered":"<p>&#8220;S\u00e9 que tengo el nivel para jugar en la liga ACB y lo que espero por mi parte es confirmarlo. Para m\u00ed es el mejor campeonato de Europa y tengo ganas de formar parte del grupo de jugadores que tienen nivel ACB &#8220;. Determinaci\u00f3n m\u00e1xima y hambre para hacer las cosas bien y tener una [&hellip;]<\/p>\n","protected":false},"author":102,"featured_media":7863,"comment_status":"closed","ping_status":"closed","sticky":false,"template":"","format":"standard","meta":{"om_disable_all_campaigns":false,"inline_featured_image":false,"_monsterinsights_skip_tracking":false,"_monsterinsights_sitenote_active":false,"_monsterinsights_sitenote_note":"","_monsterinsights_sitenote_category":0,"_uf_show_specific_survey":0,"_uf_disable_surveys":false,"footnotes":""},"categories":[150,109],"tags":[152,325,609,521],"class_list":["post-7865","post","type-post","status-publish","format-standard","has-post-thumbnail","hentry","category-basquet-club-andorra-es","category-morabanc-andorra-es","tag-acb-es","tag-acbandorra-es","tag-albiciy","tag-morabanc-andorra-es2"],"aioseo_notices":[],"_links":{"self":[{"href":"https:\/\/www.bca.ad\/es\/wp-json\/wp\/v2\/posts\/7865","targetHints":{"allow":["GET"]}}],"collection":[{"href":"https:\/\/www.bca.ad\/es\/wp-json\/wp\/v2\/posts"}],"about":[{"href":"https:\/\/www.bca.ad\/es\/wp-json\/wp\/v2\/types\/post"}],"author":[{"embeddable":true,"href":"https:\/\/www.bca.ad\/es\/wp-json\/wp\/v2\/users\/102"}],"replies":[{"embeddable":true,"href":"https:\/\/www.bca.ad\/es\/wp-json\/wp\/v2\/comments?post=7865"}],"version-history":[{"count":0,"href":"https:\/\/www.bca.ad\/es\/wp-json\/wp\/v2\/posts\/7865\/revisions"}],"wp:featuredmedia":[{"embeddable":true,"href":"https:\/\/www.bca.ad\/es\/wp-json\/wp\/v2\/media\/7863"}],"wp:attachment":[{"href":"https:\/\/www.bca.ad\/es\/wp-json\/wp\/v2\/media?parent=7865"}],"wp:term":[{"taxonomy":"category","embeddable":true,"href":"https:\/\/www.bca.ad\/es\/wp-json\/wp\/v2\/categories?post=7865"},{"taxonomy":"post_tag","embeddable":true,"href":"https:\/\/www.bca.ad\/es\/wp-json\/wp\/v2\/tags?post=7865"}],"curies":[{"name":"wp","href":"https:\/\/api.w.org\/{rel}","templated":true}]}}