{"id":7882,"date":"2016-06-28T18:09:50","date_gmt":"2016-06-28T18:09:50","guid":{"rendered":"http:\/\/www.bca.ad\/unicef-i-el-morabanc-andorra-una-relacio-consolidada\/?lang=es"},"modified":"2016-06-28T18:12:26","modified_gmt":"2016-06-28T18:12:26","slug":"unicef-i-el-morabanc-andorra-una-relacio-consolidada","status":"publish","type":"post","link":"https:\/\/www.bca.ad\/es\/unicef-i-el-morabanc-andorra-una-relacio-consolidada\/","title":{"rendered":"Unicef y el MoraBanc Andorra, una relaci\u00f3n consolidada"},"content":{"rendered":"<p><span style=\"color: #000000;\"><span style=\"font-family: Calibri;\"><strong>El BC MoraBanc Andorra y el comit\u00e9 de Unicef \u200b\u200ben Andorra<\/strong> han hecho balance hoy de la colaboraci\u00f3n de la temporada 15\/16 y han anunciado que ambas entidades continuar\u00e1n juntas en la 16\/17. <span title=\"El club aporta 10.000 euros que serveixen per finan\u00e7ar els projectes d\u2019ajuda humanit\u00e0ria d\u2019Unicef Andorra a El Congo.\">El club aporta 10.000 euros que sirven para financiar los proyectos de ayuda humanitaria de Unicef \u200b\u200bAndorra en el Congo. <\/span><span title=\"Diverses iniciatives com el partit solidari Champions for Unicef o el llibre ben\u00e8fic El Joc que estimem han estat algunes de les palanques que han contribu\u00eft durant la temporada passada a l\u2019activitat solid\u00e0ria dels seguidors del BCA.\"><strong>Varias iniciativas como el partido solidario Champions for Unicef \u200b\u200bo el libro ben\u00e9fico El Juego que amamos<\/strong> han sido algunas de las palancas que han contribuido durante la temporada pasada a la actividad solidaria de los seguidores del BCA. <\/span><\/span><\/span><span style=\"font-family: Calibri;\"><span title=\"Per altra part, tamb\u00e9 s\u2019ha dedicat la recaptaci\u00f3 \u00edntegra d\u2019un partit de lliga a l\u2019ONG.\n\"><span style=\"color: #000000;\">Por otra parte, tambi\u00e9n se ha dedicado la recaudaci\u00f3n \u00edntegra de un partido de liga a la ONG.<br \/>\n<\/span> <\/span><\/span><\/p>\n<p><span style=\"font-family: Calibri;\"><span style=\"color: #000000;\"><span title=\"\u201cPer nosaltres l'ajuda del MoraBanc Andorra \u00e9s molt important i ens permet tirar endavant les nostres iniciatives sobre el terreny a El Congo, on per exemple s'ha pogut ajudar en tasques tant necess\u00e0ries com l'acc\u00e9s a l'aigua potable o la\"><strong>&#8220;Para nosotros la ayuda del MoraBanc Andorra es muy importante y nos permite llevar adelante nuestras iniciativas sobre el terreno en El Congo<\/strong>, donde por ejemplo se ha podido ayudar en tareas tan necesarias como el acceso al agua potable o la <\/span><span title=\"prevenci\u00f3 del VIH entre d'altres\u201d afirmava Marta Alberch en roda de premsa.\">prevenci\u00f3n del VIH entre otros &#8220;afirmaba <strong>Marta Alberch<\/strong> en rueda de prensa. <\/span><\/span><\/span><span style=\"font-family: Calibri;\"><span title=\"La directora d\u2019Unicef Andorra tamb\u00e9 destacava \u201cque la col\u00b7laboraci\u00f3 \u00e9s excel\u00b7lent amb el MoraBanc Andorra i estem molt satisfets de poder continuar\u201d.\n\"><span style=\"color: #000000;\">La directora de Unicef \u200b\u200bAndorra tambi\u00e9n destacaba &#8220;que la colaboraci\u00f3n es excelente con el MoraBanc Andorra y estamos <strong>muy satisfechos de poder continuar&#8221;.<\/strong><br \/>\n<\/span> <\/span><span title=\"\u201cHabitualment presentem acords de patrocini que ens ajuden econ\u00f2micament en el nostre projecte esportiu, avui no \u00e9s el cas, avui presentem el balan\u00e7 d'una col\u00b7laboraci\u00f3 que ens fa m\u00e9s forts com a entitat\u201d ha exposat el president Gorka Aix\u00e0s, que ha\"><span style=\"color: #000000;\">&#8220;Habitualmente presentamos acuerdos de patrocinio que nos ayudan econ\u00f3micamente en nuestro proyecto deportivo, hoy no es el caso, <strong>hoy presentamos el balance de una colaboraci\u00f3n que nos hace m\u00e1s fuertes como entidad&#8221;<\/strong> expuso el presidente <strong>Gorka Aix\u00e0s<\/strong>, que ha <\/span><\/span><\/span><span style=\"font-family: Calibri;\"><span title=\"concl\u00f2s \u201ci aix\u00f2 \u00e9s tant o m\u00e9s important per un projecte com el del MoraBanc Andorra\u201d.\n\"><span style=\"color: #000000;\">concluido &#8220;y esto es tanto o m\u00e1s importante para un proyecto como el del MoraBanc Andorra&#8221;.<br \/>\n<\/span> <\/span><\/span><\/p>\n<p><span style=\"font-family: Calibri;\"><span title=\"El conveni entre Unicef Andorra i el Bc MoraBanc Andorra s\u2019enfila ja fins la tercera temporada tot i que la col\u00b7laboraci\u00f3 entre totes dues entitats ja es produ\u00efa regularment des de fa anys.\"><span style=\"color: #000000;\">El convenio entre Unicef \u200b\u200bAndorra y el Bc MoraBanc Andorra sube ya hasta la tercera temporada aunque la colaboraci\u00f3n entre ambas entidades ya se produc\u00eda regularmente desde hace a\u00f1os.<\/span><\/span><\/span><\/p>\n<p>&nbsp;<\/p>\n","protected":false},"excerpt":{"rendered":"<p>El BC MoraBanc Andorra y el comit\u00e9 de Unicef \u200b\u200ben Andorra han hecho balance hoy de la colaboraci\u00f3n de la temporada 15\/16 y han anunciado que ambas entidades continuar\u00e1n juntas en la 16\/17. El club aporta 10.000 euros que sirven para financiar los proyectos de ayuda humanitaria de Unicef \u200b\u200bAndorra en el Congo. Varias iniciativas [&hellip;]<\/p>\n","protected":false},"author":102,"featured_media":7880,"comment_status":"closed","ping_status":"closed","sticky":false,"template":"","format":"standard","meta":{"om_disable_all_campaigns":false,"inline_featured_image":false,"_monsterinsights_skip_tracking":false,"_monsterinsights_sitenote_active":false,"_monsterinsights_sitenote_note":"","_monsterinsights_sitenote_category":0,"_uf_show_specific_survey":0,"_uf_disable_surveys":false,"footnotes":""},"categories":[150,109],"tags":[152,325,294,170,614],"class_list":["post-7882","post","type-post","status-publish","format-standard","has-post-thumbnail","hentry","category-basquet-club-andorra-es","category-morabanc-andorra-es","tag-acb-es","tag-acbandorra-es","tag-betinho-es","tag-gorka-aixas","tag-uncef-es"],"aioseo_notices":[],"_links":{"self":[{"href":"https:\/\/www.bca.ad\/es\/wp-json\/wp\/v2\/posts\/7882","targetHints":{"allow":["GET"]}}],"collection":[{"href":"https:\/\/www.bca.ad\/es\/wp-json\/wp\/v2\/posts"}],"about":[{"href":"https:\/\/www.bca.ad\/es\/wp-json\/wp\/v2\/types\/post"}],"author":[{"embeddable":true,"href":"https:\/\/www.bca.ad\/es\/wp-json\/wp\/v2\/users\/102"}],"replies":[{"embeddable":true,"href":"https:\/\/www.bca.ad\/es\/wp-json\/wp\/v2\/comments?post=7882"}],"version-history":[{"count":0,"href":"https:\/\/www.bca.ad\/es\/wp-json\/wp\/v2\/posts\/7882\/revisions"}],"wp:featuredmedia":[{"embeddable":true,"href":"https:\/\/www.bca.ad\/es\/wp-json\/wp\/v2\/media\/7880"}],"wp:attachment":[{"href":"https:\/\/www.bca.ad\/es\/wp-json\/wp\/v2\/media?parent=7882"}],"wp:term":[{"taxonomy":"category","embeddable":true,"href":"https:\/\/www.bca.ad\/es\/wp-json\/wp\/v2\/categories?post=7882"},{"taxonomy":"post_tag","embeddable":true,"href":"https:\/\/www.bca.ad\/es\/wp-json\/wp\/v2\/tags?post=7882"}],"curies":[{"name":"wp","href":"https:\/\/api.w.org\/{rel}","templated":true}]}}