{"id":7938,"date":"2016-07-05T17:19:25","date_gmt":"2016-07-05T17:19:25","guid":{"rendered":"http:\/\/www.bca.ad\/david-jelinek-fitxa-pel-morabanc-andorra\/?lang=es"},"modified":"2016-07-05T17:21:09","modified_gmt":"2016-07-05T17:21:09","slug":"david-jelinek-fitxa-pel-morabanc-andorra","status":"publish","type":"post","link":"https:\/\/www.bca.ad\/es\/david-jelinek-fitxa-pel-morabanc-andorra\/","title":{"rendered":"David Jelinek ficha por el MoraBanc Andorra"},"content":{"rendered":"<p><strong>David Jelinek jugar\u00e1 la pr\u00f3xima temporada en el Bc MoraBanc Andorra<\/strong>. El jugador checo tiene 25 a\u00f1os, mide 1.95 y llega al equipo de Joan Pe\u00f1arroya en el mejor momento de su carrera deportiva tras haber firmado <strong>una temporada extraordinaria en la liga polaca<\/strong>. La nueva incorporaci\u00f3n tricolor es un <strong>buen conocedor del baloncesto espa\u00f1ol<\/strong> ya que complet\u00f3 la parte final de su formaci\u00f3n en Espa\u00f1a, con el Joventut de Badalona.<\/p>\n<p><strong>Jelinek hizo una media de 17 puntos y 2 asistencias<\/strong> por partido la temporada 16\/17 con el <strong>Anwill Wrocklawek<\/strong> polaco siendo uno de los exteriores m\u00e1s destacados de la competici\u00f3n y acreditando siempre una gran capacidad `para tomar decisiones en pista. Saliendo de su <strong>Brno<\/strong> originario, Jelinek ha mostrado hasta ahora, a pesar de tener s\u00f3lo 25 a\u00f1os, una gran ambici\u00f3n para buscar siempre el destino que m\u00e1s cre\u00eda que pod\u00eda contribuir a su progresi\u00f3n profesional. Estuvo en el Joventut de Badalona entre 2008 y 2012. Las dos primeras temporadas jugando en LEB plata con el Prat, el equipo vinculado. Las dos siguientes <strong>fue jugador ACB con la Penya.<\/strong> En la mejor de las dos estuvo 18.5 minutos de media en pista con 7.6 puntos.<br \/>\nSu siguiente movimiento mostr\u00f3 que se trata de un esp\u00edritu inquieto. Se fue <strong>al Olin Edirne<\/strong> turco. Pero s\u00f3lo media temporada ya que el <strong>Baskonia<\/strong> el que le reclam\u00f3 el mes de enero. En all\u00ed estuvo una temporada y media con 16.7 minutos en pista y 5 puntos por partido. Sus dos siguientes destinos fueron <strong>Samara<\/strong>, en Rusia y el <strong>TBL Usak Sportif<\/strong> turco. Su madurez y sus n\u00fameros la \u00faltima temporada en Polonia le vuelven a abrir las puertas de la liga ACB de la mano del MoraBanc Andorra.<\/p>\n<p>&#8220;<strong>Es un jugador intenso, vertical y con mucho compromiso en pista<\/strong>&#8221; <strong>explica el GM Francesc Solana<\/strong>, que lo completa a\u00f1adiendo &#8220;Jelinek nos dar\u00e1 muchas cosas desde el per\u00edmetro y adem\u00e1s pensamos que es un elemento que <strong>tiene el hambre y la ambici\u00f3n que queremos que tenga y transmita el equipo esta temporada <\/strong>&#8220;. Con la llegada de <strong>Jelinek<\/strong>, el MoraBanc Andorra 16\/17 cuenta con el jugador checo, <strong>David Navarro<\/strong>, <strong>Gio Shermadini<\/strong>, <strong>Andrew Albiciy<\/strong>, <strong>Beka Burjanadze<\/strong> y <strong>Guille Colom<\/strong>.<\/p>\n<p>&nbsp;<\/p>\n<p>&nbsp;<\/p>\n<p>&nbsp;<\/p>\n","protected":false},"excerpt":{"rendered":"<p>David Jelinek jugar\u00e1 la pr\u00f3xima temporada en el Bc MoraBanc Andorra. El jugador checo tiene 25 a\u00f1os, mide 1.95 y llega al equipo de Joan Pe\u00f1arroya en el mejor momento de su carrera deportiva tras haber firmado una temporada extraordinaria en la liga polaca. La nueva incorporaci\u00f3n tricolor es un buen conocedor del baloncesto espa\u00f1ol [&hellip;]<\/p>\n","protected":false},"author":102,"featured_media":7936,"comment_status":"closed","ping_status":"closed","sticky":false,"template":"","format":"standard","meta":{"om_disable_all_campaigns":false,"inline_featured_image":false,"_monsterinsights_skip_tracking":false,"_monsterinsights_sitenote_active":false,"_monsterinsights_sitenote_note":"","_monsterinsights_sitenote_category":0,"_uf_show_specific_survey":0,"_uf_disable_surveys":false,"footnotes":""},"categories":[150,109],"tags":[152,325,620,177,243,521],"class_list":["post-7938","post","type-post","status-publish","format-standard","has-post-thumbnail","hentry","category-basquet-club-andorra-es","category-morabanc-andorra-es","tag-acb-es","tag-acbandorra-es","tag-jelinek-es","tag-joan-penarroya-es","tag-liga-endesa-es","tag-morabanc-andorra-es2"],"aioseo_notices":[],"_links":{"self":[{"href":"https:\/\/www.bca.ad\/es\/wp-json\/wp\/v2\/posts\/7938","targetHints":{"allow":["GET"]}}],"collection":[{"href":"https:\/\/www.bca.ad\/es\/wp-json\/wp\/v2\/posts"}],"about":[{"href":"https:\/\/www.bca.ad\/es\/wp-json\/wp\/v2\/types\/post"}],"author":[{"embeddable":true,"href":"https:\/\/www.bca.ad\/es\/wp-json\/wp\/v2\/users\/102"}],"replies":[{"embeddable":true,"href":"https:\/\/www.bca.ad\/es\/wp-json\/wp\/v2\/comments?post=7938"}],"version-history":[{"count":0,"href":"https:\/\/www.bca.ad\/es\/wp-json\/wp\/v2\/posts\/7938\/revisions"}],"wp:featuredmedia":[{"embeddable":true,"href":"https:\/\/www.bca.ad\/es\/wp-json\/wp\/v2\/media\/7936"}],"wp:attachment":[{"href":"https:\/\/www.bca.ad\/es\/wp-json\/wp\/v2\/media?parent=7938"}],"wp:term":[{"taxonomy":"category","embeddable":true,"href":"https:\/\/www.bca.ad\/es\/wp-json\/wp\/v2\/categories?post=7938"},{"taxonomy":"post_tag","embeddable":true,"href":"https:\/\/www.bca.ad\/es\/wp-json\/wp\/v2\/tags?post=7938"}],"curies":[{"name":"wp","href":"https:\/\/api.w.org\/{rel}","templated":true}]}}