{"id":8276,"date":"2016-09-22T12:26:14","date_gmt":"2016-09-22T12:26:14","guid":{"rendered":"http:\/\/www.bca.ad\/la-consolidacio-duna-llarga-amistat\/?lang=es"},"modified":"2016-09-22T12:28:18","modified_gmt":"2016-09-22T12:28:18","slug":"la-consolidacio-duna-llarga-amistat","status":"publish","type":"post","link":"https:\/\/www.bca.ad\/es\/la-consolidacio-duna-llarga-amistat\/","title":{"rendered":"La consolidaci\u00f3n de una larga amistad"},"content":{"rendered":"<p><span style=\"color: #000000; font-family: Calibri;\"><strong>D\u00eda importante hoy porque se ha puesto por escrito lo que durante muchos a\u00f1os ha funcionado de manera natural<\/strong> pero que ahora se consolida con un convenio. <\/span><span style=\"font-family: Calibri;\"><span title=\"La relaci\u00f3 entre el Com\u00fa d\u2019Escaldes-Engordany i el BCA v\u00e9 de lluny i dotar-la de m\u00e9s possibilitats i m\u00e9s matisos no fa res m\u00e9s que enfortir el projecte.\n\"><span style=\"color: #000000;\">La relaci\u00f3n entre el Com\u00fa de Escaldes-Engordany y el BCA viene de lejos y dotarla de m\u00e1s posibilidades y m\u00e1s matices no hace m\u00e1s que fortalecer el proyecto.<br \/>\n<\/span> <\/span><span title=\"La c\u00f2nsol major d'Escaldes-Engordany, Trini Mar\u00edn, i el president del B\u00e0squet Club MoraBanc Andorra, Gorka Aix\u00e0s, han signat aquest dijous al migdia un acord de col\u00b7laboraci\u00f3 per aquesta temporada que inclou la cessi\u00f3 d'espais publicitaris i d'\"><span style=\"color: #000000;\"><strong>La c\u00f3nsul mayor de Escaldes-Engordany, Trini Mar\u00edn, y el presidente del BC MoraBanc Andorra, Gorka Aix\u00e0s, han firmado este jueves al mediod\u00eda un acuerdo de colaboraci\u00f3n<\/strong> para esta temporada que incluye la cesi\u00f3n de espacios publicitarios y de <\/span><\/span><\/span><span title=\"instal\u00b7lacions esportives comunals.\n\n\"><span style=\"color: #000000; font-family: Calibri;\">instalaciones deportivas comunales.<br \/>\n<\/span><span style=\"color: #000000; font-family: Calibri;\"><br \/>\n<\/span><\/span><span style=\"color: #000000;\"><span style=\"font-family: Calibri;\"><span title=\"Despr\u00e9s de diverses col\u00b7laboracions en mat\u00e8ria esportiva i publicit\u00e0ria, el Com\u00fa d\u2019Escaldes-Engordany i el B\u00e0squet Club MoraBanc Andorra formalitzen i amplien aquesta bona entesa.\"><strong>Tras varias colaboraciones en materia deportiva y publicitaria, el Com\u00fa de Escaldes-Engordany y el Baloncesto Club MoraBanc Andorra formalizan y ampl\u00edan esta buen entendimiento<\/strong>. <\/span><span title=\"D'aquesta manera, el club es compromet a realitzar diverses accions en l'\u00e0mbit social, esportiu i publicitari com la realitzaci\u00f3 d'activitats amb les escoles esportives de la parr\u00f2quia, el lliurament d'entrades per als usuaris de la llar de jubilats i\">De esta manera, el club se compromete a realizar diversas acciones en el \u00e1mbito social, deportivo y publicitario como la realizaci\u00f3n de actividades con las escuelas deportivas de la parroquia, la entrega de entradas para los usuarios del hogar de jubilados y <\/span><span title=\"l'Espai jovent, la cessi\u00f3 de publicitat d'accions promocionals i activitats del Com\u00fa d'Escaldes-Engordany a les pantalles del pavell\u00f3, la distribuci\u00f3 als assistents al pavell\u00f3 de fulls de m\u00e0 amb activitats comunals i la possibilitat que l'enlla\u00e7 de la\">Espacio juventud, la cesi\u00f3n de publicidad de acciones promocionales y actividades del Com\u00fa de Escaldes-Engordany en las pantallas del pabell\u00f3n, la distribuci\u00f3n a los asistentes en el pabell\u00f3n de octavillas con actividades comunales y la posibilidad de que el enlace de la <\/span><\/span><\/span><span title=\"p\u00e0gina web de la corporaci\u00f3 escaldenca figuri en un espai preferencial a la web oficial del BCA.\n\n\"><span style=\"color: #000000; font-family: Calibri;\">p\u00e1gina web de la corporaci\u00f3n de Escaldes figure en un espacio preferencial en la web oficial del BCA.<br \/>\n<\/span><span style=\"color: #000000; font-family: Calibri;\"><br \/>\n<\/span><\/span><span style=\"color: #000000;\"><span style=\"font-family: Calibri;\"><span title=\"Per la seva banda, el Com\u00fa d'Escaldes-Engordany es compromet a cedir espais publicitaris a Vivand per la divulgaci\u00f3 d'esdeveniments esportius i accions del BCA, l'espai situat a la fa\u00e7ana del pavell\u00f3 Prat Gran per instal\u00b7lar-hi una\"><strong>Por su parte, el Com\u00fa de Escaldes-Engordany se compromete a ceder espacios publicitarios en Vivand<\/strong>\u00a0para la divulgaci\u00f3n de eventos deportivos y acciones del BCA, el espacio situado en la fachada del pabell\u00f3n Prat Gran para instalar una <\/span><span title=\"lona publicit\u00e0ria de grans dimensions i permetre l'\u00fas de les instal\u00b7lacions esportives del Com\u00fa per a les activitats dels equips del BCA o per l'organitzaci\u00f3 d'esdeveniments del Club.\">lona publicitaria de grandes dimensiones y permitir el uso de las instalaciones deportivas del Com\u00fan para las actividades de los equipos del BCA o por la organizaci\u00f3n de eventos del Club.<\/span><\/span><\/span><\/p>\n<p>&nbsp;<\/p>\n","protected":false},"excerpt":{"rendered":"<p>D\u00eda importante hoy porque se ha puesto por escrito lo que durante muchos a\u00f1os ha funcionado de manera natural pero que ahora se consolida con un convenio. La relaci\u00f3n entre el Com\u00fa de Escaldes-Engordany y el BCA viene de lejos y dotarla de m\u00e1s posibilidades y m\u00e1s matices no hace m\u00e1s que fortalecer el proyecto. [&hellip;]<\/p>\n","protected":false},"author":102,"featured_media":8274,"comment_status":"closed","ping_status":"closed","sticky":false,"template":"","format":"standard","meta":{"om_disable_all_campaigns":false,"inline_featured_image":false,"_monsterinsights_skip_tracking":false,"_monsterinsights_sitenote_active":false,"_monsterinsights_sitenote_note":"","_monsterinsights_sitenote_category":0,"_uf_show_specific_survey":0,"_uf_disable_surveys":false,"footnotes":""},"categories":[150,109,157],"tags":[152,325,649,612,650],"class_list":["post-8276","post","type-post","status-publish","format-standard","has-post-thumbnail","hentry","category-basquet-club-andorra-es","category-morabanc-andorra-es","category-patrocinadores","tag-acb-es","tag-acbandorra-es","tag-escaldes-engordany-es","tag-gorka","tag-trini-marin-es"],"aioseo_notices":[],"_links":{"self":[{"href":"https:\/\/www.bca.ad\/es\/wp-json\/wp\/v2\/posts\/8276","targetHints":{"allow":["GET"]}}],"collection":[{"href":"https:\/\/www.bca.ad\/es\/wp-json\/wp\/v2\/posts"}],"about":[{"href":"https:\/\/www.bca.ad\/es\/wp-json\/wp\/v2\/types\/post"}],"author":[{"embeddable":true,"href":"https:\/\/www.bca.ad\/es\/wp-json\/wp\/v2\/users\/102"}],"replies":[{"embeddable":true,"href":"https:\/\/www.bca.ad\/es\/wp-json\/wp\/v2\/comments?post=8276"}],"version-history":[{"count":0,"href":"https:\/\/www.bca.ad\/es\/wp-json\/wp\/v2\/posts\/8276\/revisions"}],"wp:featuredmedia":[{"embeddable":true,"href":"https:\/\/www.bca.ad\/es\/wp-json\/wp\/v2\/media\/8274"}],"wp:attachment":[{"href":"https:\/\/www.bca.ad\/es\/wp-json\/wp\/v2\/media?parent=8276"}],"wp:term":[{"taxonomy":"category","embeddable":true,"href":"https:\/\/www.bca.ad\/es\/wp-json\/wp\/v2\/categories?post=8276"},{"taxonomy":"post_tag","embeddable":true,"href":"https:\/\/www.bca.ad\/es\/wp-json\/wp\/v2\/tags?post=8276"}],"curies":[{"name":"wp","href":"https:\/\/api.w.org\/{rel}","templated":true}]}}