{"id":8872,"date":"2016-11-24T11:51:56","date_gmt":"2016-11-24T11:51:56","guid":{"rendered":"http:\/\/www.bca.ad\/la-venda-anticipada-contra-el-barca-va-a-bon-ritme\/?lang=es"},"modified":"2016-11-24T11:53:55","modified_gmt":"2016-11-24T11:53:55","slug":"la-venda-anticipada-contra-el-barca-va-a-bon-ritme","status":"publish","type":"post","link":"https:\/\/www.bca.ad\/es\/la-venda-anticipada-contra-el-barca-va-a-bon-ritme\/","title":{"rendered":"La venta anticipada contra el Bar\u00e7a va a buen ritmo"},"content":{"rendered":"<p><span style=\"color: #000000;\"><span style=\"font-family: Calibri;\"><strong>A buen ritmo. <\/strong><span title=\"Aix\u00ed s\u2019estan venent les entrades pel partit del dia 11 de desembre (18h) a la Bombonera contra l\u2019Fc Barcelona Lassa.\"><strong>As\u00ed se est\u00e1n vendiendo las entradas para el partido del d\u00eda 11 de diciembre (18h) en la Bombonera contra el Fc Barcelona Lassa<\/strong>. <\/span><span title=\"L\u2019atractiu de jugar contra el gegant blaugrana sempre hi \u00e9s per\u00f2 la bona marxa de l\u2019equip est\u00e0 ajudant a qu\u00e8 la venda anticipada en tots els suports hagi despertat amb bona salut.\">El atractivo de jugar contra el gigante azulgrana siempre est\u00e1 pero la buena marcha del equipo est\u00e1 ayudando a que la venta anticipada en todos los soportes haya despertado con buena salud. <\/span><\/span><\/span><span style=\"font-family: Calibri;\"><span title=\"Els abonats no paguen entrada .\n\"><span style=\"color: #000000;\">Los abonados no pagan entrada.<br \/>\n<\/span> <\/span><span style=\"color: #000000;\"><span title=\"Assegurar-se un lloc pel PARTIT del dia 11 de desembre \u00e9s el motor principal de les entrades adquirides fins ara.\">Asegurarse un lugar para el PARTIDO del d\u00eda 11 de diciembre es el motor principal de las entradas adquiridas hasta ahora. <\/span><span title=\"Tal i com ha comen\u00e7at la setmana podria ser que s\u2019arrib\u00e9s als darrers dies amb dificultats per poder triar seient.\">Tal y como ha empezado la semana podr\u00eda ser que se llegara a los \u00faltimos d\u00edas con dificultades para poder elegir asiento. <\/span><span title=\"Pels nostres abonats o pels aficionats del pa\u00eds que vulguin venir a veure el partit el millor \u00e9s venir a les oficines del club, al mateix Poliesportiu (estan obertes 09h30-13h30, 15h30-19h30).\">Para nuestros abonados o por los aficionados del pa\u00eds que quieran venir a ver el partido lo mejor es venir a las oficinas del club, al Polideportivo (est\u00e1n abiertas 09h30-13h30, 15h30-19h30). <\/span><\/span><\/span><span style=\"font-family: Calibri;\"><strong><span title=\"Una entrada On line o en taquilla costar\u00e0 40, 30 o 20 euros perqu\u00e8 el partit del Bar\u00e7a \u00e9s de categoria Premium per\u00f2 passant per les oficines els preus s\u00f3n els de sempre 30, 20 i 15, segons la zona on vulguis comprar l\u2019entrada.\n\"><span style=\"color: #000000;\">Una entrada On line o en taquilla costar\u00e1 40, 30 o 20 euros para que el partido del Bar\u00e7a es de categor\u00eda Premium pero pasando por las oficinas los precios son los de siempre 30, 20 y 15, seg\u00fan la zona donde quieras comprar la entrada.<br \/>\n<\/span> <\/span><\/strong><span title=\"Queden dies per\u00f2 est\u00e0 clar que \u00e9s el PARTIT del que tothom parla i qui vulgui veure\u2019l no es podr\u00e0 encantar.\"><span style=\"color: #000000;\">Quedan d\u00edas pero est\u00e1 claro que es el PARTIDO de lo que todo el mundo habla y quien quiera verlo no se podr\u00e1 distraer.<\/span><\/span><\/span><\/p>\n<p>&nbsp;<\/p>\n","protected":false},"excerpt":{"rendered":"<p>A buen ritmo. As\u00ed se est\u00e1n vendiendo las entradas para el partido del d\u00eda 11 de diciembre (18h) en la Bombonera contra el Fc Barcelona Lassa. El atractivo de jugar contra el gigante azulgrana siempre est\u00e1 pero la buena marcha del equipo est\u00e1 ayudando a que la venta anticipada en todos los soportes haya despertado [&hellip;]<\/p>\n","protected":false},"author":102,"featured_media":8870,"comment_status":"closed","ping_status":"closed","sticky":false,"template":"","format":"standard","meta":{"om_disable_all_campaigns":false,"inline_featured_image":false,"_monsterinsights_skip_tracking":false,"_monsterinsights_sitenote_active":false,"_monsterinsights_sitenote_note":"","_monsterinsights_sitenote_category":0,"_uf_show_specific_survey":0,"_uf_disable_surveys":false,"footnotes":""},"categories":[150,109],"tags":[152,325,606,285,177,243,347,163],"class_list":["post-8872","post","type-post","status-publish","format-standard","has-post-thumbnail","hentry","category-basquet-club-andorra-es","category-morabanc-andorra-es","tag-acb-es","tag-acbandorra-es","tag-albicy-es","tag-barca-es","tag-joan-penarroya-es","tag-liga-endesa-es","tag-navarro-es","tag-penarroya-es"],"aioseo_notices":[],"_links":{"self":[{"href":"https:\/\/www.bca.ad\/es\/wp-json\/wp\/v2\/posts\/8872","targetHints":{"allow":["GET"]}}],"collection":[{"href":"https:\/\/www.bca.ad\/es\/wp-json\/wp\/v2\/posts"}],"about":[{"href":"https:\/\/www.bca.ad\/es\/wp-json\/wp\/v2\/types\/post"}],"author":[{"embeddable":true,"href":"https:\/\/www.bca.ad\/es\/wp-json\/wp\/v2\/users\/102"}],"replies":[{"embeddable":true,"href":"https:\/\/www.bca.ad\/es\/wp-json\/wp\/v2\/comments?post=8872"}],"version-history":[{"count":0,"href":"https:\/\/www.bca.ad\/es\/wp-json\/wp\/v2\/posts\/8872\/revisions"}],"wp:featuredmedia":[{"embeddable":true,"href":"https:\/\/www.bca.ad\/es\/wp-json\/wp\/v2\/media\/8870"}],"wp:attachment":[{"href":"https:\/\/www.bca.ad\/es\/wp-json\/wp\/v2\/media?parent=8872"}],"wp:term":[{"taxonomy":"category","embeddable":true,"href":"https:\/\/www.bca.ad\/es\/wp-json\/wp\/v2\/categories?post=8872"},{"taxonomy":"post_tag","embeddable":true,"href":"https:\/\/www.bca.ad\/es\/wp-json\/wp\/v2\/tags?post=8872"}],"curies":[{"name":"wp","href":"https:\/\/api.w.org\/{rel}","templated":true}]}}