{"id":9380,"date":"2017-02-06T12:14:02","date_gmt":"2017-02-06T12:14:02","guid":{"rendered":"http:\/\/www.bca.ad\/els-escolars-faran-la-tercera-equipacio\/?lang=es"},"modified":"2017-02-06T12:17:14","modified_gmt":"2017-02-06T12:17:14","slug":"els-escolars-faran-la-tercera-equipacio","status":"publish","type":"post","link":"https:\/\/www.bca.ad\/es\/els-escolars-faran-la-tercera-equipacio\/","title":{"rendered":"Los escolares dise\u00f1ar\u00e1n la tercera equipaci\u00f3n"},"content":{"rendered":"<p><span style=\"color: #000000;\"><span style=\"font-family: Calibri;\"><strong>El Basket Club MoraBanc Andorra volver\u00e1 a tener tercera equipaci\u00f3n esta temporada y al igual que el a\u00f1o pasado el escoger\u00e1n los escolares del pa\u00eds.<\/strong> <span title=\"El concurs arrenca avui gestionat, com en la primera edici\u00f3 per Pyr\u00e9n\u00e9es.\">El concurso arranca hoy gestionado, como en <strong>la primera edici\u00f3n por Pyr\u00e9n\u00e9es<\/strong>. <\/span><\/span><\/span><span style=\"font-family: Calibri;\"><span title=\"La temporada passada la jove de 15 anys, Cl\u00e0udia Justes, va ser l\u2019autora del disseny guanyador que el primer equip va lluir en el partit contra el Joventut de Badalona.\n\"><span style=\"color: #000000;\">La temporada pasada la joven de 15 a\u00f1os, Claudia Justas, fue la autora del dise\u00f1o ganador que el primer equipo luci\u00f3 en el partido contra el Joventut de Badalona.<br \/>\n<\/span> <\/span><span title=\"\u201c\u00c9s una iniciativa que va anar tant b\u00e9 que era inevitable repetir-la\u201d ha indicat en roda de premsa el Cap de comunicaci\u00f3 del club, Gabriel Fern\u00e0ndez, que ha afegit \u201cveure tants joves del pa\u00eds treballant i pensant en la nostra tercera equipaci\u00f3 \u00e9s\"><span style=\"color: #000000;\"><strong>&#8220;Es una iniciativa que fue tan bien que era inevitable repetirla&#8221; indic\u00f3 en rueda de prensa el Jefe de comunicaci\u00f3n del club, Gabriel Fern\u00e1ndez<\/strong>, que ha a\u00f1adido &#8220;ver tantos j\u00f3venes del pa\u00eds trabajando y pensando en nuestra tercera equipaci\u00f3n es <\/span><\/span><\/span><span style=\"font-family: Calibri;\"><span title=\"fant\u00e0stic\u201d.\n\"><span style=\"color: #000000;\">fant\u00e1stico &#8220;.<br \/>\n<\/span> <\/span><span title=\"\u201cProp de 2000 escolars van rebre la l\u00e0mina la primera edici\u00f3, estem molt contents de tornar-hi\u201d explicava Joaquim Serrahima, el director de m\u00e0rqueting de Pyr\u00e9n\u00e9es.\"><span style=\"color: #000000;\">&#8220;Cerca de 2000 escolares recibieron la l\u00e1mina la primera edici\u00f3n, estamos muy contentos de volver&#8221; explicaba Joaquim Serrahima, el director de marketing de Pyr\u00e9n\u00e9es. <\/span><\/span><\/span><span title=\"L\u2019executiu ha destacat que els guanyadors, alumne i centre educatiu \u201crebran un premi molt important, un Imac\u201d.\n\"><span style=\"font-family: Calibri;\"><span style=\"color: #000000;\">El ejecutivo destac\u00f3 que los ganadores, alumno y centro educativo &#8220;recibir\u00e1n un premio muy importante, un Imac&#8221;.<br \/>\n<\/span> <\/span><\/span><span title=\"A qui va dirigit\n\"><span style=\"font-family: Calibri;\"><span style=\"color: #000000;\"><strong>A qui\u00e9n va dirigido<\/strong><br \/>\n<\/span> <\/span><\/span><span style=\"font-family: Calibri;\"><span title=\"1.\tA tots els alumnes que durant el curs 2016-2017 estan cursant ESO o Batxillerat al principat d'Andorra\n\"><span style=\"color: #000000;\">1. A todos los alumnos que durante el curso 2016 a 2017 est\u00e1n cursando ESO o Bachillerato en Andorra<br \/>\n<\/span> <\/span><span style=\"color: #000000;\"><span title=\"2.\tEl concurs es realitzar\u00e0 a trav\u00e9s de les escoles.\">2. El concurso se realizar\u00e1 a trav\u00e9s de las escuelas. <\/span><span title=\"No s'acceptaran participacions individuals.\">No se aceptar\u00e1n participaciones individuales. <\/span><\/span><\/span><span title=\"Cada escola ha de decidir si participa o no.\n\"><span style=\"font-family: Calibri;\"><span style=\"color: #000000;\">Cada escuela debe decidir si participa o no.<br \/>\n<\/span> <\/span><\/span><span style=\"font-family: Calibri;\"><strong><span title=\"Procediment per seleccionar el disseny guanyador\n\"><span style=\"color: #000000;\">Procedimiento para seleccionar el dise\u00f1o ganador<br \/>\n<\/span> <\/span><\/strong><span title=\"1.\tCada escola pot presentar un disseny per classe.\"><span style=\"color: #000000;\">1. Cada escuela puede presentar un dise\u00f1o por clase. <\/span><\/span><\/span><span title=\"\u00c9s a dir, \u00e9s responsabilitat de l'escola escollir quin \u00e9s el disseny d'entre tots els alumnes de cada classe que presenta al concurs.\n\"><span style=\"font-family: Calibri;\"><span style=\"color: #000000;\">Es decir, es responsabilidad de la escuela escoger cu\u00e1l es el dise\u00f1o de entre todos los alumnos de cada clase que presenta al concurso.<br \/>\n<\/span> <\/span><\/span><span title=\"2.\tTots els dissenys participants es penjaran al facebook de Pyr\u00e9n\u00e9es Andorra (&quot;Grans Magatzems Pyr\u00e9n\u00e9es&quot;) per procedir a votaci\u00f3 popular (&quot;me gusta&quot;)\n\"><span style=\"font-family: Calibri;\"><span style=\"color: #000000;\">2. Todos los dise\u00f1os participantes se colgar\u00e1n en el facebook de Pyr\u00e9n\u00e9es Andorra ( &#8220;Grandes Almacenes Pyr\u00e9n\u00e9es&#8221;) para proceder a votaci\u00f3n popular ( &#8220;me gusta&#8221;)<br \/>\n<\/span> <\/span><\/span><span title=\"3.\tEls 5 dissenys m\u00e9s votats seran els finalistes\n\"><span style=\"font-family: Calibri;\"><span style=\"color: #000000;\">3. Los 5 dise\u00f1os m\u00e1s votados ser\u00e1n los finalistas<br \/>\n<\/span> <\/span><\/span><span title=\"4.\tUn jurat format per membres del club, de Pyr\u00e9n\u00e9es Andorra i professionals del sector escollir\u00e0 el disseny guanyador d'entre els 5 finalistes\n\n\"><span style=\"color: #000000; font-family: Calibri;\">4. Un jurado formado por miembros del club, de Pyr\u00e9n\u00e9es Andorra y profesionales del sector elegir\u00e1 el dise\u00f1o ganador de entre los 5 finalistas<br \/>\n<\/span><span style=\"color: #000000; font-family: Calibri;\"><br \/>\n<\/span><\/span><span title=\"Premis i comunicaci\u00f3 del guanyador:\n\"><span style=\"font-family: Calibri;\"><span style=\"color: #000000;\"><strong>Premios y comunicaci\u00f3n del ganador:<\/strong><br \/>\n<\/span> <\/span><\/span><span title=\"1.\tHi haur\u00e0 un sol disseny guanyador\n\"><span style=\"font-family: Calibri;\"><span style=\"color: #000000;\">1. Habr\u00e1 un solo dise\u00f1o ganador<br \/>\n<\/span> <\/span><\/span><span title=\"2.\tL'alumne autor del disseny guanyador rebr\u00e0 un iMac de premi\n\"><span style=\"font-family: Calibri;\"><span style=\"color: #000000;\">2. El alumno autor del dise\u00f1o ganador recibir\u00e1 un iMac de premio<br \/>\n<\/span> <\/span><\/span><span title=\"3.\tL'alumne autor del disseny guanyador rebr\u00e0 tamb\u00e9 una samarreta amb el seu disseny signada per tots els jugadors.\n\"><span style=\"font-family: Calibri;\"><span style=\"color: #000000;\">3. El alumno autor del dise\u00f1o ganador recibir\u00e1 tambi\u00e9n una camiseta con su dise\u00f1o firmada por todos los jugadores.<br \/>\n<\/span> <\/span><\/span><span title=\"4.\tL'escola de l'alumne guanyador rebr\u00e0 un iMac de premi\n\"><span style=\"font-family: Calibri;\"><span style=\"color: #000000;\">4. La escuela del alumno ganador recibir\u00e1 un iMac de premio<br \/>\n<\/span> <\/span><\/span><span title=\"5.\tEl disseny guanyador es confeccionar\u00e0 perqu\u00e8 l'equip el pugui fer servir en el partit del cap de setmana del 6 de maig contra el Valencia Basket\n\"><span style=\"font-family: Calibri;\"><span style=\"color: #000000;\">5. El dise\u00f1o ganador se confeccionar\u00e1 para que el equipo pueda utilizar en el partido del fin de semana del 6 de mayo contra el Valencia Basket<br \/>\n<\/span> <\/span><\/span><span title=\"6.\tEls alumnes autors dels 5 dissenys finalistes rebran una invitaci\u00f3 amb un acompanyant per assistir al partit\n\"><span style=\"font-family: Calibri;\"><span style=\"color: #000000;\">6. Los alumnos autores de los 5 dise\u00f1os finalistas recibir\u00e1n una invitaci\u00f3n con un acompa\u00f1ante para asistir al partido<br \/>\n<\/span> <\/span><\/span><span title=\"7.\tEl disseny guanyador es comunicar\u00e0 al pavell\u00f3 el mateix dia del partit.\n\"><span style=\"font-family: Calibri;\"><span style=\"color: #000000;\">7. El dise\u00f1o ganador se comunicar\u00e1 al pabell\u00f3n el mismo d\u00eda del partido.<br \/>\n<\/span>\u00a0<\/span><\/span><\/p>\n<p><span title=\"7.\tEl disseny guanyador es comunicar\u00e0 al pavell\u00f3 el mateix dia del partit.\n\"><span style=\"font-family: Calibri;\">C<\/span><\/span><span style=\"font-family: Calibri;\"><span title=\"Calendari:\n\"><span style=\"color: #000000;\"><strong>alendario:<\/strong><br \/>\n<\/span> <\/span><span title=\"\u2022\tDilluns 6 de febrer: inici del concurs.\"><span style=\"color: #000000;\">\u2022 Lunes 6 de febrero: inicio del concurso. <\/span><\/span><\/span><span title=\"Les escoles que volen participar ho comuniquen a Pyr\u00e9n\u00e9es Andorra i reben les l\u00e0mines en les que els alumnes hauran de fer els dissenys.\n\"><span style=\"font-family: Calibri;\"><span style=\"color: #000000;\">Las escuelas que quieren participar lo comunican en Pyr\u00e9n\u00e9es Andorra y reciben las l\u00e1minas en las que los alumnos tendr\u00e1n que hacer los dise\u00f1os.<br \/>\n<\/span> <\/span><\/span><span title=\"\u2022\tDel 6 de febrer al 16 de mar\u00e7 els alumnes i les escoles elaboren els dissenys\n\"><span style=\"font-family: Calibri;\"><span style=\"color: #000000;\">\u2022 Del 6 de febrero al 16 de marzo los alumnos y las escuelas elaboran los dise\u00f1os<br \/>\n<\/span> <\/span><\/span><span style=\"font-family: Calibri;\"><span title=\"\u2022\tDivendres 17 de mar\u00e7: data l\u00edmit per l'entrega dels dissenys per part de les escoles\n\"><span style=\"color: #000000;\">\u2022 Viernes 17 de marzo: fecha l\u00edmite para la entrega de los dise\u00f1os por parte de las escuelas<br \/>\n<\/span> <\/span><span title=\"\u2022\tDel 21 de mar\u00e7 al 28 de mar\u00e7: els dissenys entregats per les escoles estaran disponibles al facebook de Pyr\u00e9ne\u00e9s per procedir a la votaci\u00f3 popular.\"><span style=\"color: #000000;\">\u2022 Del 21 de marzo al 28 de marzo: los dise\u00f1os entregados por las escuelas estar\u00e1n disponibles en el facebook de Pyrene para proceder a la votaci\u00f3n popular. <\/span><\/span><\/span><span style=\"font-family: Calibri;\"><span title=\"Els 5 dissenys m\u00e9s votats (&quot;me gusta&quot;) a data 28 de mar\u00e7 a les 12h seran els dissenys finalistes\n\"><span style=\"color: #000000;\">Los 5 dise\u00f1os m\u00e1s votados ( &#8220;me gusta&#8221;) en fecha 28 de marzo a las 12h ser\u00e1n los dise\u00f1os finalistas<br \/>\n<\/span> <\/span><span title=\"\u2022\tDel 29 de mar\u00e7 al 3 d'abril el jurat escull el disseny guanyador d'entre els 5 m\u00e9s votats a facebook\"><span style=\"color: #000000;\">\u2022 Del 29 de marzo al 3 de abril el jurado escoge el dise\u00f1o ganador de entre los 5 m\u00e1s votados en facebook<\/span><\/span><\/span><\/p>\n<p>&nbsp;<\/p>\n","protected":false},"excerpt":{"rendered":"<p>El Basket Club MoraBanc Andorra volver\u00e1 a tener tercera equipaci\u00f3n esta temporada y al igual que el a\u00f1o pasado el escoger\u00e1n los escolares del pa\u00eds. El concurso arranca hoy gestionado, como en la primera edici\u00f3n por Pyr\u00e9n\u00e9es. La temporada pasada la joven de 15 a\u00f1os, Claudia Justas, fue la autora del dise\u00f1o ganador que el [&hellip;]<\/p>\n","protected":false},"author":102,"featured_media":9378,"comment_status":"closed","ping_status":"closed","sticky":false,"template":"","format":"standard","meta":{"om_disable_all_campaigns":false,"inline_featured_image":false,"_monsterinsights_skip_tracking":false,"_monsterinsights_sitenote_active":false,"_monsterinsights_sitenote_note":"","_monsterinsights_sitenote_category":0,"_uf_show_specific_survey":0,"_uf_disable_surveys":false,"footnotes":""},"categories":[150,109],"tags":[414],"class_list":["post-9380","post","type-post","status-publish","format-standard","has-post-thumbnail","hentry","category-basquet-club-andorra-es","category-morabanc-andorra-es","tag-pyrenees-es"],"aioseo_notices":[],"_links":{"self":[{"href":"https:\/\/www.bca.ad\/es\/wp-json\/wp\/v2\/posts\/9380","targetHints":{"allow":["GET"]}}],"collection":[{"href":"https:\/\/www.bca.ad\/es\/wp-json\/wp\/v2\/posts"}],"about":[{"href":"https:\/\/www.bca.ad\/es\/wp-json\/wp\/v2\/types\/post"}],"author":[{"embeddable":true,"href":"https:\/\/www.bca.ad\/es\/wp-json\/wp\/v2\/users\/102"}],"replies":[{"embeddable":true,"href":"https:\/\/www.bca.ad\/es\/wp-json\/wp\/v2\/comments?post=9380"}],"version-history":[{"count":0,"href":"https:\/\/www.bca.ad\/es\/wp-json\/wp\/v2\/posts\/9380\/revisions"}],"wp:featuredmedia":[{"embeddable":true,"href":"https:\/\/www.bca.ad\/es\/wp-json\/wp\/v2\/media\/9378"}],"wp:attachment":[{"href":"https:\/\/www.bca.ad\/es\/wp-json\/wp\/v2\/media?parent=9380"}],"wp:term":[{"taxonomy":"category","embeddable":true,"href":"https:\/\/www.bca.ad\/es\/wp-json\/wp\/v2\/categories?post=9380"},{"taxonomy":"post_tag","embeddable":true,"href":"https:\/\/www.bca.ad\/es\/wp-json\/wp\/v2\/tags?post=9380"}],"curies":[{"name":"wp","href":"https:\/\/api.w.org\/{rel}","templated":true}]}}