{"id":9405,"date":"2017-02-13T11:19:23","date_gmt":"2017-02-13T11:19:23","guid":{"rendered":"http:\/\/www.bca.ad\/la-copa-dia-3\/?lang=es"},"modified":"2017-02-13T11:21:44","modified_gmt":"2017-02-13T11:21:44","slug":"la-copa-dia-3","status":"publish","type":"post","link":"https:\/\/www.bca.ad\/es\/la-copa-dia-3\/","title":{"rendered":"La Copa Dia -3"},"content":{"rendered":"<p><strong>Semana grande. Semana hist\u00f3rica para el Bc MoraBanc Andorra<\/strong>. Mariposas en el est\u00f3mago de todos los seguidores del club y muchas ganas e ilusi\u00f3n por parte de los jugadores y el cuerpo t\u00e9cnico. <strong>Jueves a las 21h30 de la noche, todo el planeta baloncesto mirar\u00e1 hacia el Buesa Arena y en all\u00ed el MoraBanc Andorra enfrentar\u00e1 con quien est\u00e1 considerado por muchos como la potencia m\u00e1s importante de baloncesto fuera de la NBA, el Real Madrid.<\/strong> Llega la Copa del Rey, llega 22 a\u00f1os despu\u00e9s de la \u00faltima vez por el BCA.<\/p>\n<p><a href=\"https:\/\/www.bca.ad\/wp-content\/uploads\/2017\/02\/20170213_103805.jpg\" rel=\"attachment wp-att-9403\"><img loading=\"lazy\" decoding=\"async\" class=\"alignnone size-full wp-image-9403\" src=\"https:\/\/www.bca.ad\/wp-content\/uploads\/2017\/02\/20170213_103805.jpg\" alt=\"20170213_103805\" width=\"5312\" height=\"2988\" \/><\/a><\/p>\n<p><strong>Hoy los jugadores han tenido Media Day y se han sometido a las preguntas de los medios de comunicaci\u00f3n<\/strong>, han pasado todos los jugadores. Las preguntas sobre las expectativas del equipo ante un rival como el Real Madrid han sido las m\u00e1s frecuentes. La ilusi\u00f3n por el reto es proporcional al enorme respeto que ofrece el rival. Ma\u00f1ana el equipo har\u00e1 los \u00faltimos entrenamientos en la Bombonera y mi\u00e9rcoles por la ma\u00f1ana ya tocar\u00e1 viaje hasta Vitoria. Por la noche entrenamiento en el Buesa Arena, el lugar donde al d\u00eda siguiente comienza la Copa del Rey, uno de los eventos del a\u00f1o en el baloncesto mundial. <strong>Y nosotros, por m\u00e9ritos propios, formamos parte.<\/strong><\/p>\n","protected":false},"excerpt":{"rendered":"<p>Semana grande. Semana hist\u00f3rica para el Bc MoraBanc Andorra. Mariposas en el est\u00f3mago de todos los seguidores del club y muchas ganas e ilusi\u00f3n por parte de los jugadores y el cuerpo t\u00e9cnico. Jueves a las 21h30 de la noche, todo el planeta baloncesto mirar\u00e1 hacia el Buesa Arena y en all\u00ed el MoraBanc Andorra [&hellip;]<\/p>\n","protected":false},"author":102,"featured_media":9402,"comment_status":"closed","ping_status":"closed","sticky":false,"template":"","format":"standard","meta":{"om_disable_all_campaigns":false,"inline_featured_image":false,"_monsterinsights_skip_tracking":false,"_monsterinsights_sitenote_active":false,"_monsterinsights_sitenote_note":"","_monsterinsights_sitenote_category":0,"_uf_show_specific_survey":0,"_uf_disable_surveys":false,"footnotes":""},"categories":[150,109],"tags":[152,325,606,239,177,243,521,347,163,510,485,246,624],"class_list":["post-9405","post","type-post","status-publish","format-standard","has-post-thumbnail","hentry","category-basquet-club-andorra-es","category-morabanc-andorra-es","tag-acb-es","tag-acbandorra-es","tag-albicy-es","tag-francesc-solana-ca-es","tag-joan-penarroya-es","tag-liga-endesa-es","tag-morabanc-andorra-es2","tag-navarro-es","tag-penarroya-es","tag-shermadini-es","tag-stojanovski-es","tag-thomas-schreiner-es","tag-walker-es"],"aioseo_notices":[],"_links":{"self":[{"href":"https:\/\/www.bca.ad\/es\/wp-json\/wp\/v2\/posts\/9405","targetHints":{"allow":["GET"]}}],"collection":[{"href":"https:\/\/www.bca.ad\/es\/wp-json\/wp\/v2\/posts"}],"about":[{"href":"https:\/\/www.bca.ad\/es\/wp-json\/wp\/v2\/types\/post"}],"author":[{"embeddable":true,"href":"https:\/\/www.bca.ad\/es\/wp-json\/wp\/v2\/users\/102"}],"replies":[{"embeddable":true,"href":"https:\/\/www.bca.ad\/es\/wp-json\/wp\/v2\/comments?post=9405"}],"version-history":[{"count":0,"href":"https:\/\/www.bca.ad\/es\/wp-json\/wp\/v2\/posts\/9405\/revisions"}],"wp:featuredmedia":[{"embeddable":true,"href":"https:\/\/www.bca.ad\/es\/wp-json\/wp\/v2\/media\/9402"}],"wp:attachment":[{"href":"https:\/\/www.bca.ad\/es\/wp-json\/wp\/v2\/media?parent=9405"}],"wp:term":[{"taxonomy":"category","embeddable":true,"href":"https:\/\/www.bca.ad\/es\/wp-json\/wp\/v2\/categories?post=9405"},{"taxonomy":"post_tag","embeddable":true,"href":"https:\/\/www.bca.ad\/es\/wp-json\/wp\/v2\/tags?post=9405"}],"curies":[{"name":"wp","href":"https:\/\/api.w.org\/{rel}","templated":true}]}}