{"id":9991,"date":"2017-05-09T09:28:47","date_gmt":"2017-05-09T09:28:47","guid":{"rendered":"http:\/\/www.bca.ad\/previa-sevilla-pot-tenir-un-color-especial\/?lang=es"},"modified":"2017-05-09T09:30:58","modified_gmt":"2017-05-09T09:30:58","slug":"previa-sevilla-pot-tenir-un-color-especial","status":"publish","type":"post","link":"https:\/\/www.bca.ad\/es\/previa-sevilla-pot-tenir-un-color-especial\/","title":{"rendered":"PREVIA Sevilla puede tener un color especial"},"content":{"rendered":"<p><span style=\"color: #000000;\"><span style=\"font-family: Calibri;\"><strong>Partido de grandes contrastes el de ma\u00f1ana a las 20h30 en Sevilla. <\/strong><span title=\"Per una banda el Real Betis Energ\u00eda Plus es juga la vida (la perman\u00e8ncia) perqu\u00e8 una derrota l\u2019envia de cap a la LEB Or i per l\u2019altra el MoraBanc Andorra amb una vict\u00f2ria aconseguiria la classificaci\u00f3 pel playoff pel t\u00edtol.\"><strong>Por un lado el Real Betis Energ\u00eda Plus se juega la vida (la permanencia) para que una derrota lo env\u00eda de cabeza en la LEB Oro y por el otro el MoraBanc Andorra con una victoria lograr\u00eda la clasificaci\u00f3n por playoff por el t\u00edtulo.<\/strong> <\/span><span title=\"De la manera com es gestioni la passi\u00f3 que deriva dels dos objectius dependr\u00e0 en bona part el resultat final del partit.\">De la forma en que se gestione la pasi\u00f3n que deriva de los dos objetivos depender\u00e1 en buena parte el resultado final del partido. <\/span><span title=\"Els tricolors arriben al partit euf\u00f2rics despr\u00e9s de l\u2019extraordinari partit de diumenge contar el Val\u00e8ncia per\u00f2 tamb\u00e9 amb una pregunta que persegueix l\u2019equip durant tota la temporada, per qu\u00e8 hi ha tanta difer\u00e8ncia entre jugar a fora i a casa?\">Los tricolores llegan al partido euf\u00f3ricos tras el extraordinario partido del domingo cont\u00f3 el Valencia pero tambi\u00e9n con una pregunta que persigue el equipo durante toda la temporada, por qu\u00e9 hay tanta diferencia entre jugar fuera y en casa? <\/span><span title=\"La resposta fins ara no \u00e9s f\u00e0cil de donar per\u00f2 el calendari planteja dem\u00e0 una oportunitat d\u2019or per enterrar fantasmes i amb el suculent premi del playoff al darrere.\">La respuesta hasta ahora no es f\u00e1cil de dar pero el calendario plantea ma\u00f1ana una oportunidad de oro para enterrar fantasmas y con el suculento premio del playoff detr\u00e1s. <\/span><span title=\"Com en totes les darreres setmanes l\u2019inconvenient principal tornen a ser els problemes f\u00edsics d\u2019alguns jugadors.\">Como en todas las \u00faltimas semanas el inconveniente principal vuelven a ser los problemas f\u00edsicos de algunos jugadores. <\/span><strong><span title=\"Beqa Burjanadze no viatja a Sevilla i tampoc jugar\u00e0 contra el Reial Madrid diumenge per intentar recuperar el seu malm\u00e8s genoll dret, en el que arrossega mol\u00e8sties per una sobrec\u00e0rrega.\">Beqa Burjanadze no viaja a Sevilla y tampoco jugar\u00e1 contra el Real Madrid el domingo para intentar recuperar su da\u00f1ado la rodilla derecha, en el que arrastra molestias por una sobrecarga. <\/span><\/strong><\/span><\/span><span style=\"font-family: Calibri;\"><strong><span title=\"Chris Czerapowicz tornar\u00e0 a jugar amb un dit de la m\u00e0 trencat.\n\"><span style=\"color: #000000;\">Chris Czerapowicz volver\u00e1 a jugar con un dedo de la mano roto.<br \/>\n<\/span> <\/span><\/strong><span style=\"color: #000000;\"><span title=\"\u201cEspero el millor Betis\u201d afirmava avui en roda de premsa Joan Pe\u00f1arroya, que argumentava que \u201ccom a jugador m'he trobat en situacions des dels dos costats que hi ha en aquest partit i \u00e9s molt m\u00e9s dur jugar per no baixar per\u00f2 davant de\">&#8220;<strong>Espero el mejor Betis&#8221; afirmaba hoy en rueda de prensa Joan Pe\u00f1arroya, que argumentaba que &#8220;como jugador me he encontrado en situaciones desde los dos lados que hay en este partido y es mucho m\u00e1s duro jugar por no bajar pero ante <\/strong><\/span><strong><span title=\"la seva gent el Betis s'ho deixar\u00e0 tot per no consumar el descens\u201d.\">su gente el Betis se lo dejar\u00e1 todo para no consumar el descenso &#8220;. <\/span><\/strong><span title=\"L\u2019entrenador del MoraBanc Andorra ha destacat que \u201cestem b\u00e9 i amb molta il\u00b7lusi\u00f3 perqu\u00e8 tenim un objectiu molt bonic al davant\u201d.\">El entrenador del MoraBanc Andorra ha destacado que &#8220;estamos bien y con mucha ilusi\u00f3n porque tenemos un objetivo muy bonito por delante&#8221;. <\/span><\/span><\/span><span style=\"font-family: Calibri;\"><span title=\"Sobre l\u2019abs\u00e8ncia de Beqa, el t\u00e8cnic ha deixat clar que \u201cporta tres setmanes que no entrena i quan ha jugat ho ha fet coix, ara necessita descansar\u201d.\n\"><span style=\"color: #000000;\">Sobre la ausencia de Beqa, el t\u00e9cnico ha dejado claro que &#8220;lleva tres semanas que no entrena y cuando ha jugado lo ha hecho cojo, ahora necesita descansar&#8221;.<br \/>\n<\/span> <\/span><span title=\"39 minuts abans del partit del MoraBanc Andorra juga el Retabet Bilbao contra Bask\u00f2nia, una derrota dels bascos tamb\u00e9 classificaria els tricolors pel playoff amb independ\u00e8ncia de guanyar o no a Sevilla.\"><span style=\"color: #000000;\">39 minutos antes del partido del MoraBanc Andorra juega el Retabet Bilbao contra Baskonia, una derrota de los vascos tambi\u00e9n clasificar\u00eda los tricolores por playoff con independencia de ganar o no en Sevilla. <\/span><\/span><\/span><span style=\"font-family: Calibri;\"><span title=\"\u201cEst\u00e0 clar que vaig amb Baskonia en aquest partit per\u00f2 el que hem de fer nosaltres \u00e9s guanyar\u201d ha manifestat Joan Pe\u00f1arroya.\n\"><span style=\"color: #000000;\">&#8220;Est\u00e1 claro que voy con Baskonia en este partido pero lo que tenemos que hacer nosotros es ganar&#8221; ha manifestado Joan Pe\u00f1arroya.<br \/>\n<\/span> <\/span><span title=\"Gio Shermadini tamb\u00e9 ha comparegut i ha explicat que \u201cl\u2019equip est\u00e0 b\u00e9 despr\u00e9s d\u2019un gran partit contra el Val\u00e8ncia per\u00f2 ens estem preparant per un partit molt dur perqu\u00e8 el Betis tamb\u00e9 necessita la vict\u00f2ria\u201d.\"><span style=\"color: #000000;\">Gio Shermadini tambi\u00e9n compareci\u00f3 y explic\u00f3 que &#8220;el equipo est\u00e1 bien despu\u00e9s de un gran partido contra el Valencia pero nos estamos preparando para un partido muy duro para que el Betis tambi\u00e9n necesita la victoria&#8221;. <\/span><\/span><\/span><span style=\"font-family: Calibri;\"><span title=\"Sobre el rival el pivot georgi\u00e0 ha dit que \u201ces tracta d\u2019un conjunt amb molt bons jugadors tot i la situaci\u00f3 en la que estan\u201d.\n\"><span style=\"color: #000000;\">Sobre el rival el p\u00edvot georgiano ha dicho que &#8220;se trata de un conjunto con muy buenos jugadores a pesar de la situaci\u00f3n en la que est\u00e1n&#8221;.<br \/>\n<\/span> <\/span><strong><span style=\"color: #000000;\"><span title=\"Aquesta setmana \u00e9s especialment intensa pel MoraBanc.\">Esta semana es especialmente intensa por MoraBanc. <\/span><span title=\"Encara digerint la gran vict\u00f2ria de diumenge contra Val\u00e8ncia, l\u2019equip viatja avui a Sevilla.\">A\u00fan digiriendo la gran victoria del domingo contra Valencia, el equipo viaja hoy a Sevilla. <\/span><span title=\"I diumenge, a les 18h, rebem el Reial Madrid a la BMB.\">Y el domingo, a las 18h, recibimos el Real Madrid en la BMB.<\/span><\/span><\/strong><\/span><\/p>\n<p>&nbsp;<\/p>\n","protected":false},"excerpt":{"rendered":"<p>Partido de grandes contrastes el de ma\u00f1ana a las 20h30 en Sevilla. Por un lado el Real Betis Energ\u00eda Plus se juega la vida (la permanencia) para que una derrota lo env\u00eda de cabeza en la LEB Oro y por el otro el MoraBanc Andorra con una victoria lograr\u00eda la clasificaci\u00f3n por playoff por el [&hellip;]<\/p>\n","protected":false},"author":102,"featured_media":9989,"comment_status":"closed","ping_status":"closed","sticky":false,"template":"","format":"standard","meta":{"om_disable_all_campaigns":false,"inline_featured_image":false,"_monsterinsights_skip_tracking":false,"_monsterinsights_sitenote_active":false,"_monsterinsights_sitenote_note":"","_monsterinsights_sitenote_category":0,"_uf_show_specific_survey":0,"_uf_disable_surveys":false,"footnotes":""},"categories":[150,109],"tags":[152,325,606,239,560,620,177,243,521,347,163,384,510,246,624],"class_list":["post-9991","post","type-post","status-publish","format-standard","has-post-thumbnail","hentry","category-basquet-club-andorra-es","category-morabanc-andorra-es","tag-acb-es","tag-acbandorra-es","tag-albicy-es","tag-francesc-solana-ca-es","tag-gorka-aixas-es-es","tag-jelinek-es","tag-joan-penarroya-es","tag-liga-endesa-es","tag-morabanc-andorra-es2","tag-navarro-es","tag-penarroya-es","tag-schreiner-es","tag-shermadini-es","tag-thomas-schreiner-es","tag-walker-es"],"aioseo_notices":[],"_links":{"self":[{"href":"https:\/\/www.bca.ad\/es\/wp-json\/wp\/v2\/posts\/9991","targetHints":{"allow":["GET"]}}],"collection":[{"href":"https:\/\/www.bca.ad\/es\/wp-json\/wp\/v2\/posts"}],"about":[{"href":"https:\/\/www.bca.ad\/es\/wp-json\/wp\/v2\/types\/post"}],"author":[{"embeddable":true,"href":"https:\/\/www.bca.ad\/es\/wp-json\/wp\/v2\/users\/102"}],"replies":[{"embeddable":true,"href":"https:\/\/www.bca.ad\/es\/wp-json\/wp\/v2\/comments?post=9991"}],"version-history":[{"count":0,"href":"https:\/\/www.bca.ad\/es\/wp-json\/wp\/v2\/posts\/9991\/revisions"}],"wp:featuredmedia":[{"embeddable":true,"href":"https:\/\/www.bca.ad\/es\/wp-json\/wp\/v2\/media\/9989"}],"wp:attachment":[{"href":"https:\/\/www.bca.ad\/es\/wp-json\/wp\/v2\/media?parent=9991"}],"wp:term":[{"taxonomy":"category","embeddable":true,"href":"https:\/\/www.bca.ad\/es\/wp-json\/wp\/v2\/categories?post=9991"},{"taxonomy":"post_tag","embeddable":true,"href":"https:\/\/www.bca.ad\/es\/wp-json\/wp\/v2\/tags?post=9991"}],"curies":[{"name":"wp","href":"https:\/\/api.w.org\/{rel}","templated":true}]}}